{"id":45406,"date":"2019-07-09T14:33:11","date_gmt":"2019-07-09T18:33:11","guid":{"rendered":"https:\/\/linitiative.ca\/International\/les-ecoles-de-formation-professionnelle-privees-doivent-souvrir-sur-le-tissu-economique\/"},"modified":"2019-07-09T14:33:11","modified_gmt":"2019-07-09T18:33:11","slug":"les-ecoles-de-formation-professionnelle-privees-doivent-souvrir-sur-le-tissu-economique","status":"publish","type":"post","link":"https:\/\/linitiative.ca\/International\/les-ecoles-de-formation-professionnelle-privees-doivent-souvrir-sur-le-tissu-economique\/","title":{"rendered":"Les \u00e9coles de formation professionnelle priv\u00e9es doivent s\u2019ouvrir sur le tissu \u00e9conomique"},"content":{"rendered":"<div>\n<div class=\"K2FeedImage\"><img decoding=\"async\" src=\"http:\/\/www.aps.dz\/media\/k2\/items\/cache\/13791cc6d0956f36dd01cb57c8708e7d_S.jpg\" alt=\"Les \u00e9coles de formation professionnelle priv\u00e9es doivent s\u2019ouvrir sur le tissu \u00e9conomique\"><\/div>\n<div class=\"K2FeedIntroText\">\n<p><strong>MOSTAGANEM &#8211; Le ministre de la Formation et de l&rsquo;Enseignement professionnels, Belkheir Dada Moussa a soulign\u00e9, mardi \u00e0 Mostaganem, que les \u00e9coles de formation professionnelle priv\u00e9es doivent s\u2019ouvrir sur le tissu \u00e9conomique et \u00eatre en compl\u00e9mentarit\u00e9 avec les \u00e9tablissements publics de formation.<\/strong><\/p>\n<\/div>\n<div class=\"K2FeedFullText\">\n<p>En visitant une \u00e9cole priv\u00e9e agr\u00e9\u00e9e par l\u2019Etat \u00e0 Mostaganem, le ministre a d\u00e9clar\u00e9 que \u00ab\u00a0cette ouverture doit \u00eatre ponctu\u00e9e par la signature de conventions de formation suivant la demande, la cr\u00e9ation d&rsquo;un espace d\u2019apprentissage et l&rsquo;organisation de stages pratiques au sein des entreprises \u00e9conomiques\u00a0\u00bb.<\/p>\n<p>Belkheir Dada Moussa a appel\u00e9 les responsables des \u00e9tablissements publics de formation \u00e0 tisser des liens avec ceux du priv\u00e9s en organisant des journ\u00e9es d\u2019information et d\u2019\u00e9tude sur les perspectives de la formation professionnelle, signalant que son d\u00e9partement minist\u00e9riel recense 1.295 instituts et centres de formation professionnelle et d\u2019apprentissage CFPA au niveau national et plus de 700 \u00e9tablissements priv\u00e9s agr\u00e9es.<\/p>\n<p>Le ministre a pr\u00e9sid\u00e9, lors de sa visite, une c\u00e9r\u00e9monie de sortie de la promotion professionnelle de la session de f\u00e9vrier 2019 constitu\u00e9e de 1.790 stagiaires, suivi un expos\u00e9 sur la situation du secteur dans la wilaya de Mostaganem et assist\u00e9 \u00e0 une exposition sur les instituts et CFPA tenus au centre de formation professionnelle et d\u2019apprentissage \u00ab\u00a0chahid Mokhtari Benchaa\u00a0\u00bb.<\/p>\n<p>En marge de cette visite, il a annonc\u00e9 la reconversion d\u2019un CFPA de la wilaya de Mostaganem cette ann\u00e9e en institut national sp\u00e9cialis\u00e9 en vue d\u2019\u00e9largir les offres de formation et encourager le secteur \u00e9conomique \u00e0 contribuer \u00e0 la formation de la main d\u2019\u0153uvre qualifi\u00e9e.<\/p>\n<p>Au sujet d\u2019ouverture d&rsquo;annexes de formation professionnelle dans les zones d\u2019activit\u00e9s dont celle \u00e0 Bordjia (60 usines) dans la commun de Hassiane au sud de Mostaganem, M. Dada Moussa a d\u00e9clar\u00e9 que les responsables locaux peuvent cr\u00e9er ces structures suivant la demande et les moyens disponibles.<\/p>\n<p>Sur la possibilit\u00e9 d\u2019utilisation du mat\u00e9riel et \u00e9quipements techniques v\u00e9tustes aux \u00e9tablissements du secteur de l\u2019\u00e9ducation nationale (ex technicums), le ministre a fait savoir que son d\u00e9partement minist\u00e9riel est en phase d&rsquo;\u00e9tude de la question au niveau local selon les besoins du secteur de la formation professionnelle et \u00e0 travers les comit\u00e9s minist\u00e9riels communs pour valoriser le mat\u00e9riel et son utilisation.<\/p>\n<p>Belkheir Dada Moussa a d\u00e9clar\u00e9 \u00ab\u00a0nous oeuvrons \u00e0 la cr\u00e9ation des ponts de compl\u00e9mentarit\u00e9 entre les trois secteurs (formation professionnelle, enseignement sup\u00e9rieur et \u00e9ducation nationale)\u00a0\u00bb, ajoutant \u00ab\u00a0qu&rsquo;est ce qui emp\u00eache un \u00e9tudiant universitaire d&rsquo;effectuer ses applications au niveau d&rsquo;un centre de formation professionnelle\u00a0\u00bb.<\/p>\n<\/div>\n<\/div>\n<p>Auteur:<br \/>\n<a href=\"http:\/\/www.aps.dz\/regions\/91682-les-ecoles-de-formation-professionnelle-privees-doivent-s-ouvrir-sur-le-tissu-economique\">Cliquez ici pour lire l&rsquo;article depuis sa source.<\/a><\/p>\n","protected":false},"excerpt":{"rendered":"<p>MOSTAGANEM &#8211; Le ministre de la Formation et de l&rsquo;Enseignement professionnels, Belkheir Dada Moussa a soulign\u00e9, mardi \u00e0 Mostaganem, que les \u00e9coles de formation professionnelle priv\u00e9es doivent s\u2019ouvrir sur le tissu \u00e9conomique et \u00eatre en compl\u00e9mentarit\u00e9 avec les \u00e9tablissements publics de formation. En visitant une \u00e9cole priv\u00e9e agr\u00e9\u00e9e par l\u2019Etat \u00e0 Mostaganem, le ministre a [&hellip;]<\/p>\n","protected":false},"author":1790,"featured_media":45407,"comment_status":"closed","ping_status":"closed","sticky":false,"template":"","format":"standard","meta":{"fifu_image_url":"","fifu_image_alt":"","footnotes":""},"categories":[53,76],"tags":[],"class_list":["post-45406","post","type-post","status-publish","format-standard","has-post-thumbnail","hentry","category-algerie","category-regions"],"_links":{"self":[{"href":"https:\/\/linitiative.ca\/International\/wp-json\/wp\/v2\/posts\/45406","targetHints":{"allow":["GET"]}}],"collection":[{"href":"https:\/\/linitiative.ca\/International\/wp-json\/wp\/v2\/posts"}],"about":[{"href":"https:\/\/linitiative.ca\/International\/wp-json\/wp\/v2\/types\/post"}],"author":[{"embeddable":true,"href":"https:\/\/linitiative.ca\/International\/wp-json\/wp\/v2\/users\/1790"}],"replies":[{"embeddable":true,"href":"https:\/\/linitiative.ca\/International\/wp-json\/wp\/v2\/comments?post=45406"}],"version-history":[{"count":0,"href":"https:\/\/linitiative.ca\/International\/wp-json\/wp\/v2\/posts\/45406\/revisions"}],"wp:featuredmedia":[{"embeddable":true,"href":"https:\/\/linitiative.ca\/International\/wp-json\/"}],"wp:attachment":[{"href":"https:\/\/linitiative.ca\/International\/wp-json\/wp\/v2\/media?parent=45406"}],"wp:term":[{"taxonomy":"category","embeddable":true,"href":"https:\/\/linitiative.ca\/International\/wp-json\/wp\/v2\/categories?post=45406"},{"taxonomy":"post_tag","embeddable":true,"href":"https:\/\/linitiative.ca\/International\/wp-json\/wp\/v2\/tags?post=45406"}],"curies":[{"name":"wp","href":"https:\/\/api.w.org\/{rel}","templated":true}]}}