{"id":45410,"date":"2019-07-10T08:03:08","date_gmt":"2019-07-10T12:03:08","guid":{"rendered":"https:\/\/linitiative.ca\/International\/bechar-proliferation-du-commerce-informel-au-chef-lieu-de-wilaya\/"},"modified":"2019-07-10T08:03:08","modified_gmt":"2019-07-10T12:03:08","slug":"bechar-proliferation-du-commerce-informel-au-chef-lieu-de-wilaya","status":"publish","type":"post","link":"https:\/\/linitiative.ca\/International\/bechar-proliferation-du-commerce-informel-au-chef-lieu-de-wilaya\/","title":{"rendered":"Bechar : prolif\u00e9ration du commerce informel au chef lieu de wilaya"},"content":{"rendered":"<div>\n<div class=\"K2FeedImage\"><img decoding=\"async\" src=\"http:\/\/www.aps.dz\/media\/k2\/items\/cache\/afa600ddd2471e86a68cdf4f6b257517_S.jpg\" alt=\"Le march\u00e9 \" bouhlal de b><\/div>\n<div class=\"K2FeedIntroText\">\n<p><strong>BECHAR &#8211; Les march\u00e9s et les art\u00e8res commer\u00e7antes de la ville de Bechar font face \u00e0 une prolif\u00e9ration du commerce informel, d\u00e9fiant les d\u00e9cisions et mesures prises par les pouvoirs publics locaux pour son \u00e9radication.<\/strong><\/p>\n<\/div>\n<div class=\"K2FeedFullText\">\n<p>En cette p\u00e9riode estivale, les cinq (5) grands march\u00e9s de fruits et l\u00e9gumes de la commune sont litt\u00e9ralement envahis, par les diff\u00e9rents types d\u2019activit\u00e9s commerciales informelles, g\u00eanant largement la circulation pi\u00e9tonne et automobiliste, \u00e0 cause de l\u2019occupation ill\u00e9gale d\u2019art\u00e8res et de ruelles, comme c\u2019est le cas du march\u00e9 de fruits et l\u00e9gumes \u2018\u2019Bouhlal\u2019\u2019 au centre-ville de Bechar, a-t-on, constat\u00e9.<\/p>\n<p>\u00ab\u00a0Nous ne pouvons pas intervenir pour mettre fin \u00e0 cette situation dont la prise en charge est du ressort du minist\u00e8re de l\u2019Int\u00e9rieur, des Collectivit\u00e9s locales et de l\u2019Am\u00e9nagement du territoire\u00a0\u00bb, a indiqu\u00e9 \u00e0 l\u2019APS le responsable par int\u00e9rim de la direction de wilaya du Commerce, Moul Maktouba Grioui.<\/p>\n<p>Mais le plus dangereux parmi ce type de commerce est celui des produits alimentaires, dont les produits laitiers et les fruits et l\u00e9gumes, d\u2019o\u00f9 l\u2019interrogation de la partie qui contr\u00f4le la qualit\u00e9 de ces produits sensibles en cette p\u00e9riode de grandes chaleurs s\u00e9vissant dans la r\u00e9gion, signale, pour sa part, Ahmed Yahi, un citoyen rencontr\u00e9 par l\u2019APS \u00e0 proximit\u00e9 du march\u00e9 \u00ab\u00a0Bouhlal\u00a0\u00bb.<\/p>\n<p>Laisser ce type d\u2019activit\u00e9s commerciales informelles prendre de l\u2019ampleur est une atteinte \u00e0 la sante du citoyen, \u00e0 l\u2019hygi\u00e8ne publique et \u00e0 l\u2019\u00e9conomie nationale, souligne une autre citoyenne rencontr\u00e9e au m\u00eame march\u00e9.<\/p>\n<p>\u00ab\u00a0Nous souhaitons en tant que citoyens et consommateurs, que la wilaya mette fin \u00e0 la situation d\u00e9solante de ce march\u00e9 de fruits et l\u00e9gumes, marqu\u00e9e par un manque criard d\u2019hygi\u00e8ne et de respect des normes de commercialisation de produits maraichers de large consommation\u00a0\u00bb, a-t-elle ajout\u00e9.<\/p>\n<p>Le commerce informel touche divers produits allant des fruits et l\u00e9gumes \u00e0 la t\u00e9l\u00e9phonie mobile en passant par les tissus et les v\u00eatements ainsi que des produits d\u2019artisanat traditionnel, et le nombre de personnes qui l\u2019exercent n&rsquo;est pas connu, faute de statistiques officielles locales.<\/p>\n<p>L\u2019intervention des autorit\u00e9s locales est une n\u00e9cessit\u00e9 pour mettre fin \u00e0 une situation qui a trop dur\u00e9 au d\u00e9triment de l\u2019\u00e9conomie nationale et des activit\u00e9s du commerce l\u00e9gal, estiment plusieurs commer\u00e7ants exer\u00e7ant l\u00e9galement \u00e0 proximit\u00e9 de ces march\u00e9s communaux.<\/p>\n<\/div>\n<\/div>\n<p>Auteur:<br \/>\n<a href=\"http:\/\/www.aps.dz\/regions\/91699-bechar-proliferation-du-commerce-informel-au-chef-lieu-de-wilaya\">Cliquez ici pour lire l&rsquo;article depuis sa source.<\/a><\/p>\n","protected":false},"excerpt":{"rendered":"<p>BECHAR &#8211; Les march\u00e9s et les art\u00e8res commer\u00e7antes de la ville de Bechar font face \u00e0 une prolif\u00e9ration du commerce informel, d\u00e9fiant les d\u00e9cisions et mesures prises par les pouvoirs publics locaux pour son \u00e9radication. En cette p\u00e9riode estivale, les cinq (5) grands march\u00e9s de fruits et l\u00e9gumes de la commune sont litt\u00e9ralement envahis, par [&hellip;]<\/p>\n","protected":false},"author":1790,"featured_media":45411,"comment_status":"closed","ping_status":"closed","sticky":false,"template":"","format":"standard","meta":{"fifu_image_url":"","fifu_image_alt":"","footnotes":""},"categories":[53,76],"tags":[],"class_list":["post-45410","post","type-post","status-publish","format-standard","has-post-thumbnail","hentry","category-algerie","category-regions"],"_links":{"self":[{"href":"https:\/\/linitiative.ca\/International\/wp-json\/wp\/v2\/posts\/45410","targetHints":{"allow":["GET"]}}],"collection":[{"href":"https:\/\/linitiative.ca\/International\/wp-json\/wp\/v2\/posts"}],"about":[{"href":"https:\/\/linitiative.ca\/International\/wp-json\/wp\/v2\/types\/post"}],"author":[{"embeddable":true,"href":"https:\/\/linitiative.ca\/International\/wp-json\/wp\/v2\/users\/1790"}],"replies":[{"embeddable":true,"href":"https:\/\/linitiative.ca\/International\/wp-json\/wp\/v2\/comments?post=45410"}],"version-history":[{"count":0,"href":"https:\/\/linitiative.ca\/International\/wp-json\/wp\/v2\/posts\/45410\/revisions"}],"wp:featuredmedia":[{"embeddable":true,"href":"https:\/\/linitiative.ca\/International\/wp-json\/"}],"wp:attachment":[{"href":"https:\/\/linitiative.ca\/International\/wp-json\/wp\/v2\/media?parent=45410"}],"wp:term":[{"taxonomy":"category","embeddable":true,"href":"https:\/\/linitiative.ca\/International\/wp-json\/wp\/v2\/categories?post=45410"},{"taxonomy":"post_tag","embeddable":true,"href":"https:\/\/linitiative.ca\/International\/wp-json\/wp\/v2\/tags?post=45410"}],"curies":[{"name":"wp","href":"https:\/\/api.w.org\/{rel}","templated":true}]}}