{"id":45414,"date":"2019-07-10T12:14:01","date_gmt":"2019-07-10T16:14:01","guid":{"rendered":"https:\/\/linitiative.ca\/International\/radiale-oued-ouchayah-rn-38-mise-en-service-en-aout-du-troncon-oued-ouchayeh-baraki\/"},"modified":"2019-07-10T12:14:01","modified_gmt":"2019-07-10T16:14:01","slug":"radiale-oued-ouchayah-rn-38-mise-en-service-en-aout-du-troncon-oued-ouchayeh-baraki","status":"publish","type":"post","link":"https:\/\/linitiative.ca\/International\/radiale-oued-ouchayah-rn-38-mise-en-service-en-aout-du-troncon-oued-ouchayeh-baraki\/","title":{"rendered":"Radiale Oued Ouchayah-RN 38: mise en service en ao\u00fbt du tron\u00e7on Oued Ouchayeh-Baraki"},"content":{"rendered":"<div>\n<div class=\"K2FeedImage\"><img decoding=\"async\" src=\"http:\/\/www.aps.dz\/media\/k2\/items\/cache\/5403a6971e58a4c09f2ee1ba26e757ac_S.jpg\" alt=\"Radiale Oued Ouchayah-RN 38: mise en service en ao\u00fbt du tron\u00e7on Oued Ouchayeh-Baraki\"><\/div>\n<div class=\"K2FeedIntroText\">\n<p><strong>ALGER &#8211; Le tron\u00e7on Oued Ouchayeh &#8211; Baraki du projet de la liaison radiale entre Oued Ouchayah et la RN38 en direction de Blida, sera mis en service en ao\u00fbt prochain, a indiqu\u00e9, mercredi, le directeur des Travaux publics (DTP) de la wilaya d&rsquo;Alger, Abderrahmane Rahmani.<\/strong><\/p>\n<\/div>\n<div class=\"K2FeedFullText\">\n<p>Un tron\u00e7on du projet de la liaison radiale entre Oued Ouchayah et la route nationale (RN) 38 \u00e0 Baraki en direction de Blida (4,5 Km du viaduc) sera r\u00e9ceptionn\u00e9 et mis en service, en ao\u00fbt prochain, et ce dans le but de renforcer le r\u00e9seau des routes urbaines et fluidifier le trafic important au niveau de cet axe routier vital de la capitale, a d\u00e9clar\u00e9 \u00e0 l&rsquo;APS M. Rahmani.<\/p>\n<p>L&rsquo;axe Baraki &#8211; Blida sera ouvert durant le premier trimestre 2020 et permettra de relier rapidement Alger Centre et l&rsquo;autoroute est-ouest, a-t-il ajout\u00e9.<\/p>\n<p>Le co\u00fbt global de ce m\u00e9ga projet, dont la r\u00e9alisation est confi\u00e9e \u00e0 l&rsquo;Entreprise nationale des grands ouvrages d&rsquo;art (ENGOA), est estim\u00e9 \u00e0 plus de 10 milliards de Da, pr\u00e9cise M. Rahmani.<\/p>\n<p>Par ailleurs, les travaux de la p\u00e9n\u00e9trante des Annassers au niveau de la rocade Ain Naadja &#8211; RN 1 (Sud de Birkhadem) ont atteint un taux de r\u00e9alisation de 30%, a-t-il fait savoir, soulignant que cet axe apportera \u00ab\u00a0un plus\u00a0\u00bb au r\u00e9seau routier urbain, pr\u00e9cis\u00e9ment entre Kouba et Birkhadem, une zone\u00a0 marqu\u00e9e par un trafic tr\u00e8s dense.<\/p>\n<hr>\n<h3>Lire aussi:\u00a0<a href=\"http:\/\/www.aps.dz\/regions\/80236-reception-du-viaduc-d-oued-ouchayah-durant-le-premier-trimestre-2019\" target=\"_blank\" rel=\"noopener noreferrer\">R\u00e9ception du viaduc d\u2019Oued Ouchayah durant le premier trimestre 2019<\/a><\/h3>\n<hr>\n<p>Quant au projet de la route entre la Rocade sud (\u00e0 hauteur d\u2019Oued Mazafran) et la RN 1, au niveau de Tessala El Merdja en direction de Z\u00e9ralda sur une distance de 19 km, le DTP d&rsquo;Alger a avanc\u00e9 le taux d&rsquo;avancement de 60%. Pr\u00e9cisant que son entr\u00e9e en service devrait intervenir en 2020, M. Rahmani\u00a0 a qualifi\u00e9 cet ouvrage de \u00ab\u00a0v\u00e9ritable\u00a0\u00bb p\u00e9n\u00e9trante nord-sud au niveau de l&rsquo;ouest de la capitale.<\/p>\n<p>Le m\u00eame responsable a rappel\u00e9 que ces deux projets font partie de 6 grands projets en cours de r\u00e9alisation \u00e0 Alger, dont celui de la RW 122 de R\u00e9gha\u00efa et de la bretelle de Saoula, auxquels un budget de 40 milliards DA a \u00e9t\u00e9 allou\u00e9.<\/p>\n<p>Le programme routier de la wilaya d&rsquo;Alger inclue \u00e9galement une soixantaine de projets de proximit\u00e9, tous aussi importants (routes communales et urbaines) qui seront lanc\u00e9s prochainement, a ajout\u00e9 M. Rahmani qui souligne que ces projets financ\u00e9s par la wilaya s&rsquo;inscrivent dans le cadre des projets de d\u00e9veloppement.<\/p>\n<p>Rappelant que le r\u00e9seau routier \u00e0 Alger a \u00e9t\u00e9 renforc\u00e9 tout r\u00e9cemment par la mise en service d&rsquo;une bretelle reliant l&rsquo;autoroute Est \u00e0 la RN 5 au niveau d&rsquo;El Alia (700 millions DA) permettant de d\u00e9sencombrer l&rsquo;axe principal de l&rsquo;est de la capitale au niveau des communes d&rsquo;El Mohamadia et de Bab Ezzouar, M. Rahmani a indiqu\u00e9 que cette bretelle permettait aux usagers de la route d&rsquo;acc\u00e9der \u00e0 la RN 24 sans avoir \u00e0 emprunter l&rsquo;\u00e9changeur des Bananiers, souvent encombr\u00e9 en raison de sa proximit\u00e9 du tramway.<\/p>\n<\/div>\n<\/div>\n<p>Auteur:<br \/>\n<a href=\"http:\/\/www.aps.dz\/regions\/91728-radiale-oued-ouchayah-rn-38-mise-en-service-en-aout-du-troncon-oued-ouchayeh-baraki\">Cliquez ici pour lire l&rsquo;article depuis sa source.<\/a><\/p>\n","protected":false},"excerpt":{"rendered":"<p>ALGER &#8211; Le tron\u00e7on Oued Ouchayeh &#8211; Baraki du projet de la liaison radiale entre Oued Ouchayah et la RN38 en direction de Blida, sera mis en service en ao\u00fbt prochain, a indiqu\u00e9, mercredi, le directeur des Travaux publics (DTP) de la wilaya d&rsquo;Alger, Abderrahmane Rahmani. Un tron\u00e7on du projet de la liaison radiale entre [&hellip;]<\/p>\n","protected":false},"author":1790,"featured_media":45415,"comment_status":"closed","ping_status":"closed","sticky":false,"template":"","format":"standard","meta":{"fifu_image_url":"","fifu_image_alt":"","footnotes":""},"categories":[53,76],"tags":[],"class_list":["post-45414","post","type-post","status-publish","format-standard","has-post-thumbnail","hentry","category-algerie","category-regions"],"_links":{"self":[{"href":"https:\/\/linitiative.ca\/International\/wp-json\/wp\/v2\/posts\/45414","targetHints":{"allow":["GET"]}}],"collection":[{"href":"https:\/\/linitiative.ca\/International\/wp-json\/wp\/v2\/posts"}],"about":[{"href":"https:\/\/linitiative.ca\/International\/wp-json\/wp\/v2\/types\/post"}],"author":[{"embeddable":true,"href":"https:\/\/linitiative.ca\/International\/wp-json\/wp\/v2\/users\/1790"}],"replies":[{"embeddable":true,"href":"https:\/\/linitiative.ca\/International\/wp-json\/wp\/v2\/comments?post=45414"}],"version-history":[{"count":0,"href":"https:\/\/linitiative.ca\/International\/wp-json\/wp\/v2\/posts\/45414\/revisions"}],"wp:featuredmedia":[{"embeddable":true,"href":"https:\/\/linitiative.ca\/International\/wp-json\/"}],"wp:attachment":[{"href":"https:\/\/linitiative.ca\/International\/wp-json\/wp\/v2\/media?parent=45414"}],"wp:term":[{"taxonomy":"category","embeddable":true,"href":"https:\/\/linitiative.ca\/International\/wp-json\/wp\/v2\/categories?post=45414"},{"taxonomy":"post_tag","embeddable":true,"href":"https:\/\/linitiative.ca\/International\/wp-json\/wp\/v2\/tags?post=45414"}],"curies":[{"name":"wp","href":"https:\/\/api.w.org\/{rel}","templated":true}]}}