{"id":45417,"date":"2019-07-09T16:54:22","date_gmt":"2019-07-09T20:54:22","guid":{"rendered":"https:\/\/linitiative.ca\/International\/la-fmrf-dement-la-suspension-de-fouzi-lekjaa\/"},"modified":"2019-07-09T16:54:22","modified_gmt":"2019-07-09T20:54:22","slug":"la-fmrf-dement-la-suspension-de-fouzi-lekjaa","status":"publish","type":"post","link":"https:\/\/linitiative.ca\/International\/la-fmrf-dement-la-suspension-de-fouzi-lekjaa\/","title":{"rendered":"La FMRF d\u00e9ment la suspension de Fouzi Lekjaa"},"content":{"rendered":"<div class=\"single-featured\"><img alt=\"\" data-src=\"http:\/\/www.mapoujda.ma\/map\/uploads\/2019\/07\/Fouzi-Lekjaa-M750\u00d7430.jpg\"\/><\/div>\n<div class=\"single-post-excerpt post-excerpt-bc\" readability=\"37\">\n<p>La F\u00e9d\u00e9ration Royale Marocaine de Football (FRMF) a d\u00e9menti toutes les fausses informations faisant \u00e9tat mardi d\u2019une suspension de son pr\u00e9sident, Fouzi Lekjaa, par la Commission de discipline de la Conf\u00e9d\u00e9ration africaine de football (CAF) en rapport avec la finale retour de la Coupe de la CAF entre Zamalek d\u2019Egypte et la Renaissance Sportive de Berkane (RSB).<\/p>\n<\/div>\n<div class=\"entry-content clearfix single-post-content\" readability=\"40\">\n<p>La Commission de discipline de la CAF tiendra une r\u00e9union consacr\u00e9e \u00e0 ce sujet en pr\u00e9sence de M. Lekjaa lors des prochains jours, a indiqu\u00e9 la FRMF dans un communiqu\u00e9.<\/p>\n<p>La F\u00e9d\u00e9ration Royale marocaine de football avait adress\u00e9 une lettre de contestation \u00e0 la Conf\u00e9d\u00e9ration africaine de football sur l\u2019arbitrage de l\u2019\u00c9thiopien Bamlak Tessema Weyesa qui a offici\u00e9 la finale retour de la CAF de Football entre le Zamalek et la RSB le dimanche 26 mai \u00e0 Alexandrie, une rencontre qui s\u2019est sold\u00e9e par une victoire des \u00c9gyptiens aux tirs au but 5-3 (1-1 temps r\u00e9glementaire).<\/p>\n<\/div>\n<p>Auteur: Soufiane ELAHMAR<br \/>\n<a href=\"http:\/\/www.mapoujda.ma\/fr\/la-fmrf-dement-la-suspension-de-fouzi-lekjaa\/\">Cliquez ici pour lire l&rsquo;article depuis sa source.<\/a><\/p>\n","protected":false},"excerpt":{"rendered":"<p>La F\u00e9d\u00e9ration Royale Marocaine de Football (FRMF) a d\u00e9menti toutes les fausses informations faisant \u00e9tat mardi d\u2019une suspension de son pr\u00e9sident, Fouzi Lekjaa, par la Commission de discipline de la Conf\u00e9d\u00e9ration africaine de football (CAF) en rapport avec la finale retour de la Coupe de la CAF entre Zamalek d\u2019Egypte et la Renaissance Sportive de [&hellip;]<\/p>\n","protected":false},"author":1788,"featured_media":45418,"comment_status":"closed","ping_status":"closed","sticky":false,"template":"","format":"standard","meta":{"fifu_image_url":"","fifu_image_alt":"","footnotes":""},"categories":[54,76],"tags":[],"class_list":["post-45417","post","type-post","status-publish","format-standard","has-post-thumbnail","hentry","category-maroc","category-regions"],"_links":{"self":[{"href":"https:\/\/linitiative.ca\/International\/wp-json\/wp\/v2\/posts\/45417","targetHints":{"allow":["GET"]}}],"collection":[{"href":"https:\/\/linitiative.ca\/International\/wp-json\/wp\/v2\/posts"}],"about":[{"href":"https:\/\/linitiative.ca\/International\/wp-json\/wp\/v2\/types\/post"}],"author":[{"embeddable":true,"href":"https:\/\/linitiative.ca\/International\/wp-json\/wp\/v2\/users\/1788"}],"replies":[{"embeddable":true,"href":"https:\/\/linitiative.ca\/International\/wp-json\/wp\/v2\/comments?post=45417"}],"version-history":[{"count":0,"href":"https:\/\/linitiative.ca\/International\/wp-json\/wp\/v2\/posts\/45417\/revisions"}],"wp:featuredmedia":[{"embeddable":true,"href":"https:\/\/linitiative.ca\/International\/wp-json\/"}],"wp:attachment":[{"href":"https:\/\/linitiative.ca\/International\/wp-json\/wp\/v2\/media?parent=45417"}],"wp:term":[{"taxonomy":"category","embeddable":true,"href":"https:\/\/linitiative.ca\/International\/wp-json\/wp\/v2\/categories?post=45417"},{"taxonomy":"post_tag","embeddable":true,"href":"https:\/\/linitiative.ca\/International\/wp-json\/wp\/v2\/tags?post=45417"}],"curies":[{"name":"wp","href":"https:\/\/api.w.org\/{rel}","templated":true}]}}