{"id":45419,"date":"2019-07-09T17:30:38","date_gmt":"2019-07-09T21:30:38","guid":{"rendered":"https:\/\/linitiative.ca\/International\/ouverture-de-luniversite-des-jeunes-africains-au-maroc\/"},"modified":"2019-07-09T17:30:38","modified_gmt":"2019-07-09T21:30:38","slug":"ouverture-de-luniversite-des-jeunes-africains-au-maroc","status":"publish","type":"post","link":"https:\/\/linitiative.ca\/International\/ouverture-de-luniversite-des-jeunes-africains-au-maroc\/","title":{"rendered":"Ouverture de l\u2019Universit\u00e9 des Jeunes Africains au Maroc"},"content":{"rendered":"<p>Organis\u00e9e par le minist\u00e8re d\u00e9l\u00e9gu\u00e9 charg\u00e9 des Marocains r\u00e9sidant \u00e0 l\u2019\u00e9tranger et des Affaires de la migration en partenariat avec l\u2019Universit\u00e9 Mohammed Premier d\u2019Oujda, cette rencontre de quatre jours (9-12 juillet) r\u00e9unit des jeunes \u00e9tudiants \u00e9trangers des pays subsahariens et leurs homologues marocains, dans une ambiance conviviale privil\u00e9giant l\u2019\u00e9change, la d\u00e9couverte et l\u2019apprentissage.<\/p>\n<p>Les participants vont ainsi d\u00e9battre de th\u00e9matiques relatives \u00e0 la diversit\u00e9 culturelle et du vivre ensemble ainsi qu\u2019\u00e0 la coop\u00e9ration Sud-Sud et le co-d\u00e9veloppement.<\/p>\n<p>Pour les organisateurs, cette Universit\u00e9 d\u2019\u00e9t\u00e9 sera, sans le moindre doute, l\u2019occasion de valoriser la place des jeunes africains dans le d\u00e9veloppement de leurs pays et du continent et de contribuer \u00e0 ancrer les valeurs du vivre ensemble, d\u2019ouverture sur l\u2019autre et de tol\u00e9rance dans l\u2019esprit de tout un chacun, mais aussi de permettre \u00e0 ces \u00e9tudiants \u00e9trangers de devenir les futurs ambassadeurs du Maroc et de sa culture.<\/p>\n<p>Le choix du th\u00e8me de cette \u00e9dition, souligne-t-on, s\u2019inscrit parfaitement dans la droite ligne de la vision Royale visant \u00e0 impulser la coop\u00e9ration Sud-Sud et qui s\u2019est concr\u00e9tis\u00e9e par les visites royales qui se sont multipli\u00e9es en Afrique pour asseoir un cadre strat\u00e9gique et p\u00e9renne de co-d\u00e9veloppement, ainsi que par le renforcement de la coop\u00e9ration scientifique et technique avec les pays d\u2019Afrique subsaharienne.<\/p>\n<p>Intervenant \u00e0 cette occasion, le ministre d\u00e9l\u00e9gu\u00e9 charg\u00e9 des Marocains r\u00e9sidant \u00e0 l\u2019\u00e9tranger (MRE) et de la Migration, Abdelkrim Benatiq a fait remarquer que cette Universit\u00e9 sera ponctu\u00e9e par une s\u00e9rie de discussions et de d\u00e9bats enrichissants dans le cadre d\u2019ateliers traitant de multiples sujets et questions, avec pour objectif de pr\u00e9senter \u00e0 ces jeunes africains les grandes lignes de la politique nationale de migration et d\u2019asile adopt\u00e9e par le Maroc depuis 2013 gr\u00e2ce \u00e0 la sagesse et la perspicacit\u00e9 de SM le Roi Mohammed VI.<\/p>\n<p>Il a rappel\u00e9 dans ce sens que le Maroc a adopt\u00e9 en 2013, conform\u00e9ment aux Orientations royales, une politique migratoire volontariste et \u00e0 visage humain qui t\u00e9moigne de la volont\u00e9 du Royaume, terre d\u2019accueil et d\u2019ouverture, de renforcer ses assises d\u00e9mocratiques et sa vision de la soci\u00e9t\u00e9 moderne, tout en faisant preuve d\u2019un courage particulier et d\u2019une prise de position claire et d\u00e9termin\u00e9e, en assumant sa part de responsabilit\u00e9 dans la gestion partag\u00e9e et multipartite de la migration.<\/p>\n<p>Mettant l\u2019accent sur les r\u00e9sultats de l\u2019action que m\u00e8ne le Maroc dans le domaine de l\u2019accueil et de l\u2019int\u00e9gration des immigr\u00e9s, M. Benatiq a rappel\u00e9 que la nouvelle politique a permis de donner lieu \u00e0 un ensemble de d\u00e9cisions et de mesures concr\u00e8tes pour activer le processus d\u2019int\u00e9gration des migrants en r\u00e9gularisant leur situation administrative et en leur ouvrant l\u2019acc\u00e8s \u00e0 l\u2019ensemble des dispositifs nationaux de sant\u00e9, d\u2019\u00e9ducation et de formation, de logement de protection et d\u2019emploi, au m\u00eame titre que les Marocains.<\/p>\n<p>Il a fait savoir \u00e0 cet effet que cette politique solidaire dont la mise en \u0153uvre se fait selon une approche participative impliquant les universit\u00e9s, les autorit\u00e9s, les instances \u00e9lues, les acteurs associatifs et d\u2019autres parties, a permis au Royaume d\u2019occuper une place distingu\u00e9e \u00e0 l\u2019\u00e9chelon r\u00e9gional, continental et international en mati\u00e8re de gestion du ph\u00e9nom\u00e8ne de la migration, comme en t\u00e9moigne notamment le Pacte mondial sur les migrations de l\u2019ONU adopt\u00e9 \u00e0 Marrakech.<\/p>\n<p>La migration est un levier de d\u00e9veloppement et de solidarit\u00e9, a-t-il poursuivi, estimant qu\u2019une gestion rationnelle et efficiente de la probl\u00e9matique complexe des migrations requiert en premier lieu une vision humanitaire et une approche solidaire.<\/p>\n<p><img class=\"wp-image-13179 aligncenter\" data-src=\"http:\/\/www.mapoujda.ma\/map\/uploads\/2019\/07\/Les-participants-de-la-1\u00e8re-Universit\u00e9-des-Jeunes-Africains-au-Maroc-M750\u00d7430.jpg\" alt=\"\" width=\"523\" height=\"300\" srcset=\"http:\/\/www.mapoujda.ma\/map\/uploads\/2019\/07\/Les-participants-de-la-1\u00e8re-Universit\u00e9-des-Jeunes-Africains-au-Maroc-M750\u00d7430.jpg 750w, http:\/\/www.mapoujda.ma\/map\/uploads\/2019\/07\/Les-participants-de-la-1\u00e8re-Universit\u00e9-des-Jeunes-Africains-au-Maroc-M750\u00d7430-300x172.jpg 300w\" sizes=\"(max-width: 523px) 100vw, 523px\"\/><\/p>\n<p>De son c\u00f4t\u00e9, le ministre malien de la Communication, charg\u00e9 des relations avec les Institutions, Porte-parole du gouvernement, Yaya Sangar\u00e9, a d\u2019embl\u00e9e salu\u00e9 la tenue de cette universit\u00e9 des jeunes africains au Maroc, terre d\u2019ouverture, de tol\u00e9rance et d\u2019hospitalit\u00e9, charg\u00e9 de tant d\u2019histoire et de symboles du mieux vivre ensemble.<\/p>\n<p>\u00ab\u00a0Mon pays le Mali qui a tant d\u2019\u00e9tudiants au Maroc appelle \u00e0 la multiplication de telles rencontres universitaires qui permettent de refonder une nouvelle citoyennet\u00e9 africaine pour en faire une r\u00e9alit\u00e9 tangible\u00a0\u00bb, a-t-il encha\u00een\u00e9, affirmant que promouvoir le vivre ensemble, c\u2019est favoriser l\u2019interaction entre les cultures, les \u00e9changes et la communication.<\/p>\n<p>Pour apprendre \u00e0 vivre l\u2019inter-culturalit\u00e9 et favoriser la rencontre interculturelle, il faut cr\u00e9er des espaces o\u00f9 les cultures peuvent non seulement coexister, mais aussi interagir et apprendre \u00e0 se conna\u00eetre au sein d\u2019une m\u00eame soci\u00e9t\u00e9 universitaire comme le r\u00e9ussit si bien le Maroc depuis des ann\u00e9es, a dit M. Sangar\u00e9.<\/p>\n<p>S\u2019adressant aux futurs jeunes cadres de diff\u00e9rents pays africains \u00e9tudiant ici au Maroc, il a lanc\u00e9 : \u00ab\u00a0soyez des maillons essentiels de la coop\u00e9ration Sud-Sud de demain et promouvez le vivre ensemble dans vos pays respectifs quand vous y serez de retour, comme vous l\u2019avez v\u00e9cu ici pendant vos \u00e9tudes, l\u2019avenir de la jeunesse en d\u00e9pend\u00a0\u00bb.<\/p>\n<p>Prenant la parole, le pr\u00e9sident de l\u2019Universit\u00e9 Mohammed Premier (UMP) d\u2019Oujda, Mohamed Benkaddour, a relev\u00e9 quant \u00e0 lui que l\u2019organisation de cette 1\u00e8re \u00e9dition de l\u2019universit\u00e9 d\u2019\u00e9t\u00e9, par et pour les \u00e9tudiants africains, s\u2019inscrit dans le sillage de la politique d\u2019ouverture de l\u2019UMP, en harmonie avec les Hautes orientations royales appelant \u00e0 placer l\u2019Afrique et son d\u00e9veloppement mat\u00e9riel et humain eu c\u0153ur des pr\u00e9occupations de la diplomatie marocaine.<\/p>\n<p>Il a relev\u00e9 \u00e0 cet \u00e9gard que l\u2019UMP qui accueille des centaines d\u2019\u00e9tudiants subsahariens issus de 18 pays amis et fr\u00e8res, et le Conseil r\u00e9gional de l\u2019Oriental ont con\u00e7u et mis \u00e0 ex\u00e9cution le projet de construction de la maison africaine dot\u00e9e d\u2019une cit\u00e9 universitaire d\u2019une capacit\u00e9 de 400 lits, en plus d\u2019infrastructures sportives semi-olympique et des espaces de loisirs pour accueillir et h\u00e9berger dans les meilleures conditions \u00ab\u00a0nos invit\u00e9s africains\u00a0\u00bb.<\/p>\n<p>En outre, et afin de donner une forte impulsion \u00e0 l\u2019\u00e9tude des probl\u00e9matiques li\u00e9es \u00e0 l\u2019histoire et au patrimoine mat\u00e9riel et immat\u00e9riel africain, il a \u00e9t\u00e9 proc\u00e9d\u00e9 \u00e0 la cr\u00e9ation de l\u2019Institut sup\u00e9rieur des \u00e9tudes africaines (ISEA).<\/p>\n<p>M. Benkaddour a saisi par ailleurs cette occasion pour exhorter toutes les forces vives du continent africain \u00e0 une intensification et surtout \u00e0 une institutionnalisation des programmes d\u2019\u00e9changes entre les diff\u00e9rentes universit\u00e9s africaines, par la mise en place de cursus de formation et recherche pr\u00e9par\u00e9s en double ou co-dipl\u00f4mation et en co-tutelle au profit des jeunes \u00e9tudiants et \u00e9tudiantes, car, selon lui, c\u2019est \u00e0 travers ce type de collaboration que les futurs d\u00e9cideurs aiguiseront leurs comp\u00e9tences et savoir-faire pour mieux affronter les probl\u00e9matiques relatives au sous-d\u00e9veloppement du continent africain.<\/p>\n<p>Outre un expos\u00e9 introductifs sur \u00ab\u00a0la culture religieuse et le patrimoine commun de l\u2019humanit\u00e9\u00a0\u00bb, le programme de cette premi\u00e8re \u00e9dition pr\u00e9voit des d\u00e9bats ax\u00e9s notamment sur le patrimoine culturel maroco-africain, la politique nationale d\u2019immigration et d\u2019asile, l\u2019approche multiples de la politique africaine du Maroc, et les programmes d\u2019\u00e9changes d\u2019\u00e9tudiants et de promotion de la coop\u00e9ration Sud-sud.<\/p>\n<p>La s\u00e9ance d\u2019ouverture s\u2019est d\u00e9roul\u00e9e en pr\u00e9sence notamment du Wali de la r\u00e9gion de l\u2019Oriental et gouverneur de la pr\u00e9fecture d\u2019Oujda-Angad, Mouad El Jamai, du pr\u00e9sident du Conseil local des oul\u00e9mas, Mustapha Benhamza, et de plusieurs autres personnalit\u00e9s.<\/p>\n<p>Auteur: Soufiane ELAHMAR<br \/>\n<a href=\"http:\/\/www.mapoujda.ma\/fr\/ouverture-de-la-1ere-universite-des-jeunes-africains-au-maroc\/\">Cliquez ici pour lire l&rsquo;article depuis sa source.<\/a><\/p>\n","protected":false},"excerpt":{"rendered":"<p>Organis\u00e9e par le minist\u00e8re d\u00e9l\u00e9gu\u00e9 charg\u00e9 des Marocains r\u00e9sidant \u00e0 l\u2019\u00e9tranger et des Affaires de la migration en partenariat avec l\u2019Universit\u00e9 Mohammed Premier d\u2019Oujda, cette rencontre de quatre jours (9-12 juillet) r\u00e9unit des jeunes \u00e9tudiants \u00e9trangers des pays subsahariens et leurs homologues marocains, dans une ambiance conviviale privil\u00e9giant l\u2019\u00e9change, la d\u00e9couverte et l\u2019apprentissage. Les participants [&hellip;]<\/p>\n","protected":false},"author":1788,"featured_media":45420,"comment_status":"closed","ping_status":"closed","sticky":false,"template":"","format":"standard","meta":{"fifu_image_url":"","fifu_image_alt":"","footnotes":""},"categories":[54,76],"tags":[],"class_list":["post-45419","post","type-post","status-publish","format-standard","has-post-thumbnail","hentry","category-maroc","category-regions"],"_links":{"self":[{"href":"https:\/\/linitiative.ca\/International\/wp-json\/wp\/v2\/posts\/45419","targetHints":{"allow":["GET"]}}],"collection":[{"href":"https:\/\/linitiative.ca\/International\/wp-json\/wp\/v2\/posts"}],"about":[{"href":"https:\/\/linitiative.ca\/International\/wp-json\/wp\/v2\/types\/post"}],"author":[{"embeddable":true,"href":"https:\/\/linitiative.ca\/International\/wp-json\/wp\/v2\/users\/1788"}],"replies":[{"embeddable":true,"href":"https:\/\/linitiative.ca\/International\/wp-json\/wp\/v2\/comments?post=45419"}],"version-history":[{"count":0,"href":"https:\/\/linitiative.ca\/International\/wp-json\/wp\/v2\/posts\/45419\/revisions"}],"wp:featuredmedia":[{"embeddable":true,"href":"https:\/\/linitiative.ca\/International\/wp-json\/"}],"wp:attachment":[{"href":"https:\/\/linitiative.ca\/International\/wp-json\/wp\/v2\/media?parent=45419"}],"wp:term":[{"taxonomy":"category","embeddable":true,"href":"https:\/\/linitiative.ca\/International\/wp-json\/wp\/v2\/categories?post=45419"},{"taxonomy":"post_tag","embeddable":true,"href":"https:\/\/linitiative.ca\/International\/wp-json\/wp\/v2\/tags?post=45419"}],"curies":[{"name":"wp","href":"https:\/\/api.w.org\/{rel}","templated":true}]}}