{"id":45421,"date":"2019-07-09T18:08:58","date_gmt":"2019-07-09T22:08:58","guid":{"rendered":"https:\/\/linitiative.ca\/International\/lexcellence-des-relations-maroco-maliennes-mise-en-exergue\/"},"modified":"2019-07-09T18:08:58","modified_gmt":"2019-07-09T22:08:58","slug":"lexcellence-des-relations-maroco-maliennes-mise-en-exergue","status":"publish","type":"post","link":"https:\/\/linitiative.ca\/International\/lexcellence-des-relations-maroco-maliennes-mise-en-exergue\/","title":{"rendered":"L\u2019excellence des relations maroco-maliennes mise en exergue"},"content":{"rendered":"<div readability=\"42\">\n<p>Le ministre malien de la Communication, charg\u00e9 des Relations avec les Institutions, Porte-parole du gouvernement, Yaya Sangar\u00e9, a mis en avant, mardi \u00e0 Oujda, l\u2019excellence des relations multis\u00e9culaires qui lient le Maroc et le Mali tant sur le plan diplomatique que culturel, \u00e9conomique et \u00e9ducatif.<\/p>\n<\/div>\n<div readability=\"102\">\n<p>S\u2019exprimant \u00e0 l\u2019ouverture des travaux de la 1\u00e8re Universit\u00e9 des Jeunes Africains au Maroc, M. Sangar\u00e9 a soulign\u00e9 que les deux pays amis partagent des valeurs communes et un m\u00eame int\u00e9r\u00eat pour le d\u00e9veloppement de l\u2019Afrique.<\/p>\n<p>Et de poursuivre que \u00ab\u00a0la convergence de vue entre les deux Chefs d\u2019Etat, Sa Majest\u00e9 le Roi Mohammed VI et Son Excellence Ibrahim Boubacar Ke\u00efta qui entretiennent d\u2019excellents rapports de fraternit\u00e9, t\u00e9moigne de la bonne qualit\u00e9 des relations diplomatiques entre les deux pays\u00a0\u00bb.<\/p>\n<p>\u00ab\u00a0On ne le dira jamais assez, les Maliens se souviendront toujours de cette visite m\u00e9morable de SM le Roi en 2013 \u00e0 Bamako \u00e0 l\u2019occasion de l\u2019investiture du pr\u00e9sident Ibrahim Boubacar Ke\u00efta, un geste que le Mali ne peut pas oublier\u00a0\u00bb, a-t-il affirm\u00e9.<\/p>\n<p>M. Sangar\u00e9 a tenu par la m\u00eame occasion \u00e0 rappeler une d\u00e9claration \u00e0 la presse de son coll\u00e8gue le ministre des Affaires \u00e9trang\u00e8res et de la coop\u00e9ration internationale du Mali, Ti\u00e9bil\u00e9 Dram\u00e9, dans laquelle il avait indiqu\u00e9 que \u00ab\u00a0le Maroc fait partie de l\u2019histoire du Mali et fera partie de son avenir\u00a0\u00bb.<\/p>\n<p>Le ministre malien de la Communication a exprim\u00e9 \u00e0 cet \u00e9gard la profonde gratitude de son pays \u00e0 SM le Roi Mohammed VI, au gouvernement et \u00e0 toutes autorit\u00e9s marocaines pour le soutien multiforme qu\u2019ils ont toujours apport\u00e9 au Mali.<\/p>\n<p>\u00ab\u00a0La formation des 500 imams, la construction d\u2019un h\u00f4pital ultramoderne, la participation du Royaume \u00e0 l\u2019essor de beaucoup de nos entreprises maliennes \u2026, sont autant de soutiens qui participent au d\u00e9veloppement socio-\u00e9conomique de mon pays et \u00e0 l\u2019int\u00e9gration de nos deux peuples, si vieux et si amis\u00a0\u00bb, a-t-il dit en susbstance.<\/p>\n<p>M. Sagar\u00e9 a par ailleurs salu\u00e9 la tenue de l\u2019Universit\u00e9 des jeunes africains au Maroc, terre d\u2019ouverture, de tol\u00e9rance et d\u2019hospitalit\u00e9, charg\u00e9 de tant d\u2019histoire et de symboles du mieux vivre ensemble.<\/p>\n<p>\u00ab\u00a0Mon pays le Mali qui a tant d\u2019\u00e9tudiants au Maroc appelle \u00e0 la multiplication de telles rencontres universitaires qui permettent de refonder une nouvelle citoyennet\u00e9 africaine pour en faire une r\u00e9alit\u00e9 tangible\u00a0\u00bb, a-t-il affirm\u00e9, notant que promouvoir le vivre ensemble, c\u2019est favoriser l\u2019interaction entre les cultures, les \u00e9changes et la communication.<\/p>\n<p>Pour apprendre \u00e0 vivre l\u2019inter-culturalit\u00e9 et favoriser la rencontre interculturelle, il faut cr\u00e9er des espaces o\u00f9 les cultures peuvent non seulement coexister, mais aussi interagir et apprendre \u00e0 se conna\u00eetre au sein d\u2019une m\u00eame soci\u00e9t\u00e9 universitaire comme le r\u00e9ussit si bien le Maroc depuis des ann\u00e9es, a relev\u00e9 le responsable malien.<\/p>\n<p>S\u2019adressant aux futurs jeunes cadres de diff\u00e9rents pays africains \u00e9tudiant au Maroc, il a lanc\u00e9 : \u00ab\u00a0soyez des maillons essentiels de la coop\u00e9ration Sud-Sud de demain et promouvez le vivre ensemble dans vos pays respectifs quand vous y serez de retour, comme vous l\u2019avez v\u00e9cu ici pendant vos \u00e9tudes, l\u2019avenir de la jeunesse en d\u00e9pend\u00a0\u00bb.<\/p>\n<\/div>\n<p>Auteur: Soufiane ELAHMAR<br \/>\n<a href=\"http:\/\/www.mapoujda.ma\/fr\/lexcellence-des-relations-maroco-maliennes-mise-en-exergue\/\">Cliquez ici pour lire l&rsquo;article depuis sa source.<\/a><\/p>\n","protected":false},"excerpt":{"rendered":"<p>Le ministre malien de la Communication, charg\u00e9 des Relations avec les Institutions, Porte-parole du gouvernement, Yaya Sangar\u00e9, a mis en avant, mardi \u00e0 Oujda, l\u2019excellence des relations multis\u00e9culaires qui lient le Maroc et le Mali tant sur le plan diplomatique que culturel, \u00e9conomique et \u00e9ducatif. S\u2019exprimant \u00e0 l\u2019ouverture des travaux de la 1\u00e8re Universit\u00e9 des [&hellip;]<\/p>\n","protected":false},"author":1788,"featured_media":0,"comment_status":"closed","ping_status":"closed","sticky":false,"template":"","format":"standard","meta":{"fifu_image_url":"","fifu_image_alt":"","footnotes":""},"categories":[54,76],"tags":[],"class_list":["post-45421","post","type-post","status-publish","format-standard","hentry","category-maroc","category-regions"],"_links":{"self":[{"href":"https:\/\/linitiative.ca\/International\/wp-json\/wp\/v2\/posts\/45421","targetHints":{"allow":["GET"]}}],"collection":[{"href":"https:\/\/linitiative.ca\/International\/wp-json\/wp\/v2\/posts"}],"about":[{"href":"https:\/\/linitiative.ca\/International\/wp-json\/wp\/v2\/types\/post"}],"author":[{"embeddable":true,"href":"https:\/\/linitiative.ca\/International\/wp-json\/wp\/v2\/users\/1788"}],"replies":[{"embeddable":true,"href":"https:\/\/linitiative.ca\/International\/wp-json\/wp\/v2\/comments?post=45421"}],"version-history":[{"count":0,"href":"https:\/\/linitiative.ca\/International\/wp-json\/wp\/v2\/posts\/45421\/revisions"}],"wp:attachment":[{"href":"https:\/\/linitiative.ca\/International\/wp-json\/wp\/v2\/media?parent=45421"}],"wp:term":[{"taxonomy":"category","embeddable":true,"href":"https:\/\/linitiative.ca\/International\/wp-json\/wp\/v2\/categories?post=45421"},{"taxonomy":"post_tag","embeddable":true,"href":"https:\/\/linitiative.ca\/International\/wp-json\/wp\/v2\/tags?post=45421"}],"curies":[{"name":"wp","href":"https:\/\/api.w.org\/{rel}","templated":true}]}}