{"id":45429,"date":"2019-07-10T10:00:14","date_gmt":"2019-07-10T14:00:14","guid":{"rendered":"https:\/\/linitiative.ca\/International\/universites-le-defi-africain\/"},"modified":"2019-07-10T10:00:14","modified_gmt":"2019-07-10T14:00:14","slug":"universites-le-defi-africain","status":"publish","type":"post","link":"https:\/\/linitiative.ca\/International\/universites-le-defi-africain\/","title":{"rendered":"Universit\u00e9s: Le d\u00e9fi africain"},"content":{"rendered":"<div readability=\"36\">\n<p>L\u2019universit\u00e9 priv\u00e9e de Marrakech \u00e9tend son r\u00e9seau sur le continent<\/p>\n<p>D\u2019autres \u00e9tablissements cr\u00e9ent des fili\u00e8res au Maroc, d\u00e9di\u00e9es aux probl\u00e9matiques de l\u2019Afrique<\/p>\n<\/div>\n<div readability=\"87.5\">\n<div class=\"dnd-atom-wrapper type-image context-sdl_editor_representation\" contenteditable=\"false\" readability=\"34\">\n<div class=\"dnd-drop-wrapper image\"><img loading=\"lazy\" decoding=\"async\" typeof=\"foaf:Image\" class=\"img-responsive\" src=\"https:\/\/www.leconomiste.com\/sites\/default\/files\/eco7\/public\/thumbnails\/image\/universite_afrique_5552.jpg\" width=\"660\" height=\"330\" alt=\"universite_afrique_5552.jpg\" title=\"universite_afrique_5552.jpg\"\/><\/div>\n<p>Au S\u00e9n\u00e9gal, l\u2019Universit\u00e9 priv\u00e9e de Marrakech a ouvert un p\u00f4le universitaire \u00e0 l\u2019identique de ce qu\u2019elle propose \u00e0 Marrakech (Ph. Afriscitech)<\/p>\n<\/div>\n<p class=\"rtejustify\">LE Maroc est devenu un grand p\u00f4le universitaire, avec chaque ann\u00e9e pr\u00e8s de 1.500 nouveaux inscrits \u00e9trangers. En 2018, ils \u00e9taient pr\u00e8s de 19.000 \u00e9tudiants inscrits, attir\u00e9s par la qualit\u00e9, les co\u00fbts des formations et les bourses d\u2019\u00e9tudes qui leur sont octroy\u00e9es par l\u2019Agence marocaine de coop\u00e9ration internationale (AMCI) dans le cadre d\u2019accords bilat\u00e9raux. La majorit\u00e9 (82%) provient d\u2019Afrique, environ 10% d\u2019Asie et 5% d\u2019Europe.\u00a0 9.000 d\u2019entre eux ont b\u00e9n\u00e9fici\u00e9 d\u2019une bourse marocaine. Les universit\u00e9s priv\u00e9es attirent chaque ann\u00e9e quelque 7.000 \u00e9tudiants et certaines ont d\u00e9cid\u00e9 de franchir un pas de plus et s\u2019installer dans les pays \u00e9metteurs. \u00abLa politique que nous avons adopt\u00e9e en Afrique de l\u2019Ouest est identique \u00e0 celle que nous avons impl\u00e9ment\u00e9e au Maroc. Elle r\u00e9side dans l\u2019ad\u00e9quation entre les enseignements et la structure du march\u00e9 du travail. Il est important, pour que l\u2019Afrique avance, de r\u00e9pondre aux besoins des contextes nationaux et aux \u00e9conomies des pays dans lesquels l\u2019UPM s\u2019implante\u00bb, indique son fondateur et pr\u00e9sident, Mohamed Kabbaj. C\u2019est ainsi qu\u2019en 2016, l\u2019UPM\u00a0 a acquis un institut priv\u00e9 sup\u00e9rieur d\u2019\u00e9tudes en m\u00e9decine \u00e0 Dakar avec un effectif de pr\u00e8s de 1000 \u00e9tudiants. Elle y a aussi ouvert un p\u00f4le universitaire \u00e0 l\u2019identique de ce qu\u2019elle propose \u00e0 Marrakech. Au Congo, l\u2019Universit\u00e9 marrakchie construit en partenariat avec la Fondation Perspectives d\u2019Avenir un 3e\u00a0 campus pour un investissement de 40 millions d\u2019euros. \u00abEt m\u00eame si les investissements dans ce domaine sont tr\u00e8s lourds, il y a aujourd\u2019hui des fonds d\u2019investissements locaux ou \u00e9trangers qui ciblent le secteur en Afrique et un peu partout dans le monde. C\u2019est \u00e0 travers des projets comme ceux-l\u00e0 et avec l\u2019effort conjugu\u00e9 de tous les \u00e9tats et acteurs de l\u2019enseignement sup\u00e9rieur que nous pourrons relever les d\u00e9fis de l\u2019Afrique\u00bb, souligne Kabbaj. D\u2019autres \u00e9tablissements marocains exportent aussi leur exp\u00e9rience en Afrique sans pour autant s\u2019installer physiquement \u00e0 l\u2019instar de l\u2019Emsi ou encore Mundiapolis. Elles font partie du r\u00e9seau Honoris United Universities, lanc\u00e9 en 2017 par le Fonds d\u2019investissement britannique Actis, qui se positionne comme leader sur les march\u00e9s \u00e9mergents notamment en Asie et en Am\u00e9rique latine. Ce r\u00e9seau est compos\u00e9 de 7 \u00e9tablissements: Universit\u00e9 centrale, IMSET, Acad\u00e9mie d\u2019art de Carthage, Mundiapolis, Emsi, Regent business school et Mancosa.\u00a0<br \/>L\u2019Ecole Centrale Casablanca (ECC) a \u00e9galement mis en place un \u00abhub universitaire africain, connect\u00e9 au monde\u00bb. En 2018, les \u00e9l\u00e8ves ing\u00e9nieurs, toutes promotions confondues, sont de 9 nationalit\u00e9s diff\u00e9rentes (non seulement marocaine, mais aussi b\u00e9ninoise, burkinab\u00e8, camerounaise, fran\u00e7aise, ivoirienne, mauritanienne, s\u00e9n\u00e9galaise, togolaise).<br \/>Au total pr\u00e8s de 28% des \u00e9l\u00e8ves inscrits sont originaires de pays d\u2019Afrique subsaharienne. L\u2019\u00e9cole a \u00e9tabli des partenariats avec des universit\u00e9s et \u00e9coles africaines de premier plan, permettant de d\u00e9velopper l\u2019accueil d\u2019\u00e9tudiants et de professeurs. Enfin, depuis 2017, un parcours de Semestre 8 (2e ann\u00e9e) a \u00e9t\u00e9 mis en place dans le cadre d\u2019un partenariat avec l\u2019ESSEC Afrique-Atlantique. Intitul\u00e9 \u00abBusiness et op\u00e9rations en Afrique\u00bb, il vise \u00e0 pr\u00e9parer les \u00e9tudiants marocains, fran\u00e7ais et subsahariens aux sp\u00e9cificit\u00e9s de l\u2019essor \u00e9conomique du continent africain, devenu l\u2019une des r\u00e9gions les plus dynamiques du monde.<\/p>\n<blockquote readability=\"28\">\n<p class=\"rtecenter\"><strong><span class=\"c4\">Trois \u00e9coles africaines pour l\u2019universit\u00e9 de l\u2019OCP<\/span><\/strong><\/p>\n<div class=\"dnd-atom-wrapper type-image context-sdl_editor_representation atom-align-left\" contenteditable=\"false\">\n<div class=\"dnd-drop-wrapper image\"><img loading=\"lazy\" decoding=\"async\" typeof=\"foaf:Image\" class=\"img-responsive\" src=\"https:\/\/leconomiste.com\/sites\/default\/files\/eco7\/public\/thumbnails\/image\/universite_benguerir_5552.jpg\" width=\"150\" height=\"108\" alt=\"universite_benguerir_5552.jpg\" title=\"universite_benguerir_5552.jpg\"\/><\/div>\n<\/div>\n<p class=\"rtejustify\">DU c\u00f4t\u00e9 de l\u2019universit\u00e9 Mohammed VI polytechnique de Benguerir, trois \u00e9coles sont d\u00e9di\u00e9es \u00e0 l\u2019Afrique. Il s\u2019agit de l\u2019Ecole d\u2019agriculture, des engrais et des sciences de l\u2019environnement, l\u2019Ecole d\u2019architecture, de planification et de design\u00a0 et l\u2019Africa Business School. La premi\u00e8re forme le capital humain n\u00e9cessaire pour soutenir l\u2019agriculture durable en Afrique. Ses domaines d\u2019\u00e9ducation incluent le sol et l\u2019eau, l\u2019environnement, la biotechnologie, les engrais ou encore la microbiologie. Elle met l\u2019accent sur les zones arides pour ralentir la d\u00e9sertification et maintenir la vie gr\u00e2ce a la s\u00e9lection des cultures, la diversification agricole, l\u2019am\u00e9lioration de la production, la protection de l\u2019environnement, etc. Dans le domaine de l\u2019architecture, l\u2019UM6P forme des dipl\u00f4m\u00e9s professionnels capables de mener des recherches appliqu\u00e9es, de poursuivre l\u2019innovation, de contribuer au d\u00e9veloppement durable et de pratiquer efficacement sur le march\u00e9 professionnel du Maroc, de l\u2019Afrique et \u00e0 l\u2019international. Elle entend devenir une institution leader au Maroc et en Afrique. Enfin, l\u2019Africa Business School est destin\u00e9e \u00e0 une nouvelle g\u00e9n\u00e9ration d\u2019entrepreneurs et de leaders, comp\u00e9tents et conscients des challenges \u00e0 relever et des opportunit\u00e9s \u00e0 saisir, l\u2019\u00e9cole pr\u00f4ne l\u2019approche pratique aupr\u00e8s de partenaires reconnus dans le monde.<\/p>\n<\/blockquote>\n<p class=\"rtejustify\">\u00a0<\/p>\n<p class=\"rtejustify\">\u00a0<\/p>\n<\/div>\n<p>Auteur: mbasraoui<br \/>\n<a href=\"https:\/\/www.leconomiste.com\/article\/1047569-universites-le-defi-africain\">Cliquez ici pour lire l&rsquo;article depuis sa source.<\/a><\/p>\n","protected":false},"excerpt":{"rendered":"<p>L\u2019universit\u00e9 priv\u00e9e de Marrakech \u00e9tend son r\u00e9seau sur le continent D\u2019autres \u00e9tablissements cr\u00e9ent des fili\u00e8res au Maroc, d\u00e9di\u00e9es aux probl\u00e9matiques de l\u2019Afrique Au S\u00e9n\u00e9gal, l\u2019Universit\u00e9 priv\u00e9e de Marrakech a ouvert un p\u00f4le universitaire \u00e0 l\u2019identique de ce qu\u2019elle propose \u00e0 Marrakech (Ph. Afriscitech) LE Maroc est devenu un grand p\u00f4le universitaire, avec chaque ann\u00e9e pr\u00e8s [&hellip;]<\/p>\n","protected":false},"author":1763,"featured_media":45430,"comment_status":"closed","ping_status":"closed","sticky":false,"template":"","format":"standard","meta":{"fifu_image_url":"","fifu_image_alt":"","footnotes":""},"categories":[78,54],"tags":[],"class_list":["post-45429","post","type-post","status-publish","format-standard","has-post-thumbnail","hentry","category-economie","category-maroc"],"_links":{"self":[{"href":"https:\/\/linitiative.ca\/International\/wp-json\/wp\/v2\/posts\/45429","targetHints":{"allow":["GET"]}}],"collection":[{"href":"https:\/\/linitiative.ca\/International\/wp-json\/wp\/v2\/posts"}],"about":[{"href":"https:\/\/linitiative.ca\/International\/wp-json\/wp\/v2\/types\/post"}],"author":[{"embeddable":true,"href":"https:\/\/linitiative.ca\/International\/wp-json\/wp\/v2\/users\/1763"}],"replies":[{"embeddable":true,"href":"https:\/\/linitiative.ca\/International\/wp-json\/wp\/v2\/comments?post=45429"}],"version-history":[{"count":0,"href":"https:\/\/linitiative.ca\/International\/wp-json\/wp\/v2\/posts\/45429\/revisions"}],"wp:featuredmedia":[{"embeddable":true,"href":"https:\/\/linitiative.ca\/International\/wp-json\/"}],"wp:attachment":[{"href":"https:\/\/linitiative.ca\/International\/wp-json\/wp\/v2\/media?parent=45429"}],"wp:term":[{"taxonomy":"category","embeddable":true,"href":"https:\/\/linitiative.ca\/International\/wp-json\/wp\/v2\/categories?post=45429"},{"taxonomy":"post_tag","embeddable":true,"href":"https:\/\/linitiative.ca\/International\/wp-json\/wp\/v2\/tags?post=45429"}],"curies":[{"name":"wp","href":"https:\/\/api.w.org\/{rel}","templated":true}]}}