{"id":45442,"date":"2019-07-10T15:14:14","date_gmt":"2019-07-10T19:14:14","guid":{"rendered":"https:\/\/linitiative.ca\/International\/afrique-cote-divoire-kamara-lalgerie-est-dans-une-dynamique-que-tout-coach-aimerait-avoir\/"},"modified":"2019-07-10T15:14:14","modified_gmt":"2019-07-10T19:14:14","slug":"afrique-cote-divoire-kamara-lalgerie-est-dans-une-dynamique-que-tout-coach-aimerait-avoir","status":"publish","type":"post","link":"https:\/\/linitiative.ca\/International\/afrique-cote-divoire-kamara-lalgerie-est-dans-une-dynamique-que-tout-coach-aimerait-avoir\/","title":{"rendered":"Afrique : C\u00f4te d&rsquo;Ivoire &#8211; Kamara : \u00ab\u00a0L\u2019Alg\u00e9rie est dans une dynamique que tout coach aimerait avoir\u00a0\u00bb"},"content":{"rendered":"<div readability=\"32\">\n<p>Auteur : <span class=\"time\">mercredi 10 juillet 2019 13:37<\/span><\/p>\n<\/div>\n<div id=\"post_core\" readability=\"44\">\n<p>Pour le s\u00e9lectionneur des \u00e9l\u00e9phants, il n&rsquo;y a pas d&rsquo;\u00e9quipes imbattables dans cette Coupe d&rsquo;Afrique :<\/p>\n<p>\u00ab\u00a0Nous sommes toujours dans le m\u00eame \u00e9tat d\u2019esprit qui est celui d\u2019\u00eatre combatif. L\u2019Alg\u00e9rie est dans une dynamique que tout coach aimerait avoir. Cela ne signifie pas qu\u2019il n\u2019y a pas d\u2019\u00e9quipe imbattable. Nous sommes venus avec une \u00e9quipe pour leur donner de la comp\u00e9tition tout en reconnaissant qu\u2019il y a certaines choses \u00e0 notre niveau que nous devons am\u00e9liorer. Au vu des statistiques, l\u2019Alg\u00e9rie est une bonne \u00e9quipe mais, cela ne nous fait pas peur puisque chaque \u00e9quipe vient avec ses qualit\u00e9s. Pour ceux qui \u00e9voquent notre victoire face \u00e0 l\u2019Alg\u00e9rie en 2015, je dis que beaucoup de choses ont chang\u00e9 quatre ans apr\u00e8s. Nous verrons si nous allons r\u00e9\u00e9diter cet exploit\u00a0\u00bb. Des propos relay\u00e9s par Abidjan.net.<\/p>\n<p><strong>Publi\u00e9 dans :<\/strong> <span>C\u00f4te d&rsquo;Ivoire<\/span><\/p>\n<\/div>\n<p>Auteur:<br \/>\n<a href=\"http:\/\/www.lebuteur.com\/article\/detail?titre=cote-divoire-kamara-lalgerie-est-dans-une-dynamique-que-tout-coach-aimerait-avoir&#038;id=90240&#038;utm_source=feedburner&#038;utm_medium=feed&#038;utm_campaign=Feed%3A+GalerieFArtciles+%28Les+derniers+articles++-+lebuteur.com%29\">Cliquez ici pour lire l&rsquo;article depuis sa source.<\/a><\/p>\n","protected":false},"excerpt":{"rendered":"<p>Auteur : mercredi 10 juillet 2019 13:37 Pour le s\u00e9lectionneur des \u00e9l\u00e9phants, il n&rsquo;y a pas d&rsquo;\u00e9quipes imbattables dans cette Coupe d&rsquo;Afrique : \u00ab\u00a0Nous sommes toujours dans le m\u00eame \u00e9tat d\u2019esprit qui est celui d\u2019\u00eatre combatif. L\u2019Alg\u00e9rie est dans une dynamique que tout coach aimerait avoir. Cela ne signifie pas qu\u2019il n\u2019y a pas d\u2019\u00e9quipe [&hellip;]<\/p>\n","protected":false},"author":1738,"featured_media":45443,"comment_status":"closed","ping_status":"closed","sticky":false,"template":"","format":"standard","meta":{"fifu_image_url":"","fifu_image_alt":"","footnotes":""},"categories":[53,75],"tags":[],"class_list":["post-45442","post","type-post","status-publish","format-standard","has-post-thumbnail","hentry","category-algerie","category-sport"],"_links":{"self":[{"href":"https:\/\/linitiative.ca\/International\/wp-json\/wp\/v2\/posts\/45442","targetHints":{"allow":["GET"]}}],"collection":[{"href":"https:\/\/linitiative.ca\/International\/wp-json\/wp\/v2\/posts"}],"about":[{"href":"https:\/\/linitiative.ca\/International\/wp-json\/wp\/v2\/types\/post"}],"author":[{"embeddable":true,"href":"https:\/\/linitiative.ca\/International\/wp-json\/wp\/v2\/users\/1738"}],"replies":[{"embeddable":true,"href":"https:\/\/linitiative.ca\/International\/wp-json\/wp\/v2\/comments?post=45442"}],"version-history":[{"count":0,"href":"https:\/\/linitiative.ca\/International\/wp-json\/wp\/v2\/posts\/45442\/revisions"}],"wp:featuredmedia":[{"embeddable":true,"href":"https:\/\/linitiative.ca\/International\/wp-json\/"}],"wp:attachment":[{"href":"https:\/\/linitiative.ca\/International\/wp-json\/wp\/v2\/media?parent=45442"}],"wp:term":[{"taxonomy":"category","embeddable":true,"href":"https:\/\/linitiative.ca\/International\/wp-json\/wp\/v2\/categories?post=45442"},{"taxonomy":"post_tag","embeddable":true,"href":"https:\/\/linitiative.ca\/International\/wp-json\/wp\/v2\/tags?post=45442"}],"curies":[{"name":"wp","href":"https:\/\/api.w.org\/{rel}","templated":true}]}}