{"id":45444,"date":"2019-07-10T15:14:16","date_gmt":"2019-07-10T19:14:16","guid":{"rendered":"https:\/\/linitiative.ca\/International\/afrique-cote-divoire-gradel-lance-un-defi-a-lequipe-dalgerie\/"},"modified":"2019-07-10T15:14:16","modified_gmt":"2019-07-10T19:14:16","slug":"afrique-cote-divoire-gradel-lance-un-defi-a-lequipe-dalgerie","status":"publish","type":"post","link":"https:\/\/linitiative.ca\/International\/afrique-cote-divoire-gradel-lance-un-defi-a-lequipe-dalgerie\/","title":{"rendered":"Afrique : C\u00f4te d&rsquo;Ivoire : Gradel lance un d\u00e9fi \u00e0 l&rsquo;\u00e9quipe d&rsquo;Alg\u00e9rie"},"content":{"rendered":"<div readability=\"32\">\n<p>Auteur : <span class=\"time\">mercredi 10 juillet 2019 13:45<\/span><\/p>\n<\/div>\n<div id=\"post_core\" readability=\"41\">\n<p>Le joueur de Toulouse a rassur\u00e9 sur l&rsquo;\u00e9tat d&rsquo;esprit des Elephants tout en reconnaissant que l&rsquo;Alg\u00e9rie est un adversaire qui sera difficile \u00e0 battre. Il a ainsi d\u00e9clar\u00e9 :<\/p>\n<p>\u00ab\u00a0L\u2019\u00e9tat d\u2019esprit est bon dans le groupe et nous sommes sereins et pr\u00eats pour le match\u00a0\u00bb rassure-t-il m\u00eame s\u2019il reconnait que depuis le d\u00e9but de la comp\u00e9tition, l\u2019Alg\u00e9rie a montr\u00e9 que c\u2019est une \u00e9quipe costaud en d\u00e9fense tout comme en attaque. \u00ab\u00a0On verra ce que le match va donner et nous saurons si elle pourra r\u00e9p\u00e9ter ses matchs pr\u00e9c\u00e9dents.\u00a0\u00bb<\/p>\n<p><strong>Publi\u00e9 dans :<\/strong> <span>C\u00f4te d&rsquo;Ivoire<\/span><\/p>\n<\/div>\n<p>Auteur:<br \/>\n<a href=\"http:\/\/www.lebuteur.com\/article\/detail?titre=cote-divoire-gradel-lance-un-defi-a-lequipe-dalgerie&#038;id=90241&#038;utm_source=feedburner&#038;utm_medium=feed&#038;utm_campaign=Feed%3A+GalerieFArtciles+%28Les+derniers+articles++-+lebuteur.com%29\">Cliquez ici pour lire l&rsquo;article depuis sa source.<\/a><\/p>\n","protected":false},"excerpt":{"rendered":"<p>Auteur : mercredi 10 juillet 2019 13:45 Le joueur de Toulouse a rassur\u00e9 sur l&rsquo;\u00e9tat d&rsquo;esprit des Elephants tout en reconnaissant que l&rsquo;Alg\u00e9rie est un adversaire qui sera difficile \u00e0 battre. Il a ainsi d\u00e9clar\u00e9 : \u00ab\u00a0L\u2019\u00e9tat d\u2019esprit est bon dans le groupe et nous sommes sereins et pr\u00eats pour le match\u00a0\u00bb rassure-t-il m\u00eame s\u2019il [&hellip;]<\/p>\n","protected":false},"author":1738,"featured_media":45445,"comment_status":"closed","ping_status":"closed","sticky":false,"template":"","format":"standard","meta":{"fifu_image_url":"","fifu_image_alt":"","footnotes":""},"categories":[53,75],"tags":[],"class_list":["post-45444","post","type-post","status-publish","format-standard","has-post-thumbnail","hentry","category-algerie","category-sport"],"_links":{"self":[{"href":"https:\/\/linitiative.ca\/International\/wp-json\/wp\/v2\/posts\/45444","targetHints":{"allow":["GET"]}}],"collection":[{"href":"https:\/\/linitiative.ca\/International\/wp-json\/wp\/v2\/posts"}],"about":[{"href":"https:\/\/linitiative.ca\/International\/wp-json\/wp\/v2\/types\/post"}],"author":[{"embeddable":true,"href":"https:\/\/linitiative.ca\/International\/wp-json\/wp\/v2\/users\/1738"}],"replies":[{"embeddable":true,"href":"https:\/\/linitiative.ca\/International\/wp-json\/wp\/v2\/comments?post=45444"}],"version-history":[{"count":0,"href":"https:\/\/linitiative.ca\/International\/wp-json\/wp\/v2\/posts\/45444\/revisions"}],"wp:featuredmedia":[{"embeddable":true,"href":"https:\/\/linitiative.ca\/International\/wp-json\/"}],"wp:attachment":[{"href":"https:\/\/linitiative.ca\/International\/wp-json\/wp\/v2\/media?parent=45444"}],"wp:term":[{"taxonomy":"category","embeddable":true,"href":"https:\/\/linitiative.ca\/International\/wp-json\/wp\/v2\/categories?post=45444"},{"taxonomy":"post_tag","embeddable":true,"href":"https:\/\/linitiative.ca\/International\/wp-json\/wp\/v2\/tags?post=45444"}],"curies":[{"name":"wp","href":"https:\/\/api.w.org\/{rel}","templated":true}]}}