{"id":45448,"date":"2019-07-10T15:14:18","date_gmt":"2019-07-10T19:14:18","guid":{"rendered":"https:\/\/linitiative.ca\/International\/equipe-dalgerie-belmadi-on-connait-les-forces-et-les-faiblesses-des-ivoiriens\/"},"modified":"2019-07-10T15:14:18","modified_gmt":"2019-07-10T19:14:18","slug":"equipe-dalgerie-belmadi-on-connait-les-forces-et-les-faiblesses-des-ivoiriens","status":"publish","type":"post","link":"https:\/\/linitiative.ca\/International\/equipe-dalgerie-belmadi-on-connait-les-forces-et-les-faiblesses-des-ivoiriens\/","title":{"rendered":"Equipe d&rsquo;Alg\u00e9rie : Belmadi : \u00abon connait les forces et les faiblesses des Ivoiriens\u00bb"},"content":{"rendered":"<div readability=\"32\">\n<p>Auteur : <span class=\"time\">mercredi 10 juillet 2019 14:08<\/span><\/p>\n<\/div>\n<div id=\"post_core\" readability=\"37\">\n<p>Le s\u00e9lectionneur de l\u2019\u00e9quipe nationale de football, Djamel Belmadi a \u00e9voqu\u00e9 le rendez-vous de demain face \u00e0 la Cote d\u2019Ivoire\u00a0:\u00a0\u00abLa C\u00f4te d\u2019Ivoire a \u00e9t\u00e9 analys\u00e9e, on connait ses forces et ses faiblesses. Nous sommes en train de travailler dessus. Il n&rsquo;y a pas de surprises sur la connaissance de cette \u00e9quipe.\u00bb a-t-il d\u00e9clar\u00e9 en conf\u00e9rence de presse.<\/p>\n<p><strong>Publi\u00e9 dans :<\/strong> <span>Belmadi<\/span><\/p>\n<\/div>\n<p>Auteur:<br \/>\n<a href=\"http:\/\/www.lebuteur.com\/article\/detail?titre=belmadi-on-connait-les-forces-et-les-faiblesses-des-ivoiriens&#038;id=90243&#038;utm_source=feedburner&#038;utm_medium=feed&#038;utm_campaign=Feed%3A+GalerieFArtciles+%28Les+derniers+articles++-+lebuteur.com%29\">Cliquez ici pour lire l&rsquo;article depuis sa source.<\/a><\/p>\n","protected":false},"excerpt":{"rendered":"<p>Auteur : mercredi 10 juillet 2019 14:08 Le s\u00e9lectionneur de l\u2019\u00e9quipe nationale de football, Djamel Belmadi a \u00e9voqu\u00e9 le rendez-vous de demain face \u00e0 la Cote d\u2019Ivoire\u00a0:\u00a0\u00abLa C\u00f4te d\u2019Ivoire a \u00e9t\u00e9 analys\u00e9e, on connait ses forces et ses faiblesses. Nous sommes en train de travailler dessus. Il n&rsquo;y a pas de surprises sur la connaissance [&hellip;]<\/p>\n","protected":false},"author":1738,"featured_media":45449,"comment_status":"closed","ping_status":"closed","sticky":false,"template":"","format":"standard","meta":{"fifu_image_url":"","fifu_image_alt":"","footnotes":""},"categories":[53,75],"tags":[],"class_list":["post-45448","post","type-post","status-publish","format-standard","has-post-thumbnail","hentry","category-algerie","category-sport"],"_links":{"self":[{"href":"https:\/\/linitiative.ca\/International\/wp-json\/wp\/v2\/posts\/45448","targetHints":{"allow":["GET"]}}],"collection":[{"href":"https:\/\/linitiative.ca\/International\/wp-json\/wp\/v2\/posts"}],"about":[{"href":"https:\/\/linitiative.ca\/International\/wp-json\/wp\/v2\/types\/post"}],"author":[{"embeddable":true,"href":"https:\/\/linitiative.ca\/International\/wp-json\/wp\/v2\/users\/1738"}],"replies":[{"embeddable":true,"href":"https:\/\/linitiative.ca\/International\/wp-json\/wp\/v2\/comments?post=45448"}],"version-history":[{"count":0,"href":"https:\/\/linitiative.ca\/International\/wp-json\/wp\/v2\/posts\/45448\/revisions"}],"wp:featuredmedia":[{"embeddable":true,"href":"https:\/\/linitiative.ca\/International\/wp-json\/"}],"wp:attachment":[{"href":"https:\/\/linitiative.ca\/International\/wp-json\/wp\/v2\/media?parent=45448"}],"wp:term":[{"taxonomy":"category","embeddable":true,"href":"https:\/\/linitiative.ca\/International\/wp-json\/wp\/v2\/categories?post=45448"},{"taxonomy":"post_tag","embeddable":true,"href":"https:\/\/linitiative.ca\/International\/wp-json\/wp\/v2\/tags?post=45448"}],"curies":[{"name":"wp","href":"https:\/\/api.w.org\/{rel}","templated":true}]}}