{"id":45478,"date":"2019-07-10T13:00:50","date_gmt":"2019-07-10T17:00:50","guid":{"rendered":"https:\/\/linitiative.ca\/International\/91707-can-2019-1-4-de-finale-cote-d-ivoire-l-algerie-est-favorite-mais-personne-n-est-imbattable\/"},"modified":"2019-07-10T13:00:50","modified_gmt":"2019-07-10T17:00:50","slug":"91707-can-2019-1-4-de-finale-cote-d-ivoire-l-algerie-est-favorite-mais-personne-n-est-imbattable","status":"publish","type":"post","link":"https:\/\/linitiative.ca\/International\/91707-can-2019-1-4-de-finale-cote-d-ivoire-l-algerie-est-favorite-mais-personne-n-est-imbattable\/","title":{"rendered":"CAN-2019: L\u2019Alg\u00e9rie est favorite mais personne n\u2019est imbattable"},"content":{"rendered":"<div>\n<div class=\"K2FeedImage\"><img decoding=\"async\" src=\"http:\/\/www.aps.dz\/media\/k2\/items\/cache\/a00ca54b1b755d5fd9e51a6c4be5b903_S.jpg\" alt=\"CAN-2019: L\u2019Alg\u00e9rie est favorite mais personne n\u2019est imbattable\"><\/div>\n<div class=\"K2FeedIntroText\">\n<p><strong>SUEZ (Egypte) &#8211; L&rsquo;entra\u00eeneur de la s\u00e9lection ivoirienne de football, Ibrahim Kamara, a estim\u00e9 que l\u2019Alg\u00e9rie partirait favorite, jeudi en quarts de finale de la CAN-2019 au stade de Suez (17h00 alg\u00e9riennes), affirmant cependant qu\u2019\u00a0\u00bbaucune \u00e9quipe n\u2019est imbattable\u00a0\u00bb.<\/strong><\/p>\n<\/div>\n<div class=\"K2FeedFullText\">\n<p>\u00ab\u00a0Quand on voit le parcours des deux \u00e9quipes depuis le d\u00e9but du tournoi, je dis que l\u2019Alg\u00e9rie est largement favorite, les statistiques sont l\u00e0 pour le confirmer. En d\u00e9fense ils sont costauds, en attaque \u00e7a va vite. Chacun viendra avec ses forces, ses qualit\u00e9s. A la fin du match on fera le bilan, mais il n&rsquo;y a aucune \u00e9quipe imbattable\u00a0\u00bb, a d\u00e9clar\u00e9 le coach des \u00ab\u00a0El\u00e9phants\u00a0\u00bb, mercredi au cours d\u2019une conf\u00e9rence de presse tenue au stade de Suez.<\/p>\n<p>L\u2019Alg\u00e9rie s\u2019est qualifi\u00e9e en dominant facilement la Guin\u00e9e (3-0), alors que la C\u00f4te d\u2019Ivoire a \u00e9limin\u00e9 le Mali (1-0).<\/p>\n<blockquote>\n<p><em><strong>\u00ab\u00a0Nous avons un esprit combatif, c\u2019est notre ligne directrice. L\u2019Alg\u00e9rie est une belle \u00e9quipe, elle est dans une dynamique de victoires. La C\u00f4te d\u2019Ivoire reste la C\u00f4te d\u2019Ivoire, m\u00eame si nous sommes en pleine p\u00e9riode de reconstruction pour \u00eatre pr\u00eats pour la CAN-2021\u00a0\u00bb, a-t-il ajout\u00e9<\/strong><\/em>.<\/p>\n<\/blockquote>\n<p>Kamara a refus\u00e9 de parler de revanche, quatre ans apr\u00e8s la derni\u00e8re confrontation en quarts de finale gagn\u00e9e par les Ivoiriens (3-1), lesquels allaient remporter le troph\u00e9e quelques jours plus tard.<\/p>\n<p>\u00ab\u00a0On n\u2019est pas en 2015, mais en 2019. L\u2019\u00e9quipe a beaucoup chang\u00e9. Nous ne gardons que de beaux souvenirs de 2015. L\u2019Alg\u00e9rie a une nouvelle \u00e9quipe, idem pour la C\u00f4te d\u2019Ivoire\u00a0\u00bb.<\/p>\n<p>Loin de convaincre depuis le d\u00e9but de cette 32e \u00e9dition, la C\u00f4te d\u2019Ivoire peut faire mieux \u00ab\u00a0dans certains domaines de jeu\u00a0\u00bb, estima Ibrahim Kamara.<\/p>\n<p>\u00ab\u00a0Affronter le Mali, l\u2019Alg\u00e9rie et \u00e9ventuellement le Nigeria en demi-finales permet aux joueurs de se frotter avec d\u2019excellentes individualit\u00e9s et de hisser leur niveau de jeu. Je ne vais pas d\u00e9voiler mes faiblesses, mais nous avons notre id\u00e9e sur les points \u00e0 am\u00e9liorer et sur quoi on doit s\u2019appuyer pour faire mal \u00e0 cette belle \u00e9quipe alg\u00e9rienne\u00a0\u00bb.<\/p>\n<p>Le s\u00e9lectionneur ivoirien, en poste depuis juin 2018, a, par ailleurs, encens\u00e9 le coach national Djamel Belmadi : \u00ab\u00a0Il a son temp\u00e9rament, il est en train de r\u00e9aliser un excellent travail. Tout peut arriver sur un match.<\/p>\n<blockquote>\n<p><em><strong>L\u2019Alg\u00e9rie a ses qualit\u00e9s, mais ses faiblesses aussi, \u00e0 nous de les exploiter. Sur le terrain, on doit oublier que l\u2019Alg\u00e9rie a mis 9 buts sans en encaisser un seul\u00a0\u00bb.<\/strong><\/em><\/p>\n<\/blockquote>\n<p>Kamara a \u00e9cart\u00e9 l\u2019id\u00e9e de chambouler son effectif en vue du match face \u00e0 l\u2019Alg\u00e9rie, tout en laissant planer le doute quant \u00e0 la participation du d\u00e9fenseur Serge Aurier, bless\u00e9 \u00e0 la main.<\/p>\n<p>\u00ab\u00a0Toutes les \u00e9quipes ont un Onze-type, mais cela d\u00e9pend de l\u2019adversaire en face. On ne va pas faire un grand chamboulement, dans l\u2019objectif de d\u00e9crocher un bon r\u00e9sultat. Concernant Aurier, cela va se jouer en fonction de ce qu\u2019il a montr\u00e9 \u00e0 l\u2019entra\u00eenement, on verra s\u2019il va jouer ou non.Je mets tout le monde sur la m\u00eame ligne de d\u00e9part\u00a0\u00bb.<\/p>\n<p>Pr\u00e9sent aux c\u00f4t\u00e9s de son entra\u00eeneur, le milieu de terrain de Toulouse (Ligue 1 fran\u00e7aise), Max-Alain Gradel, a transmis l&rsquo;\u00e9tat d&rsquo;esprit qui anime ses co\u00e9quipiers \u00e0 la veille de la rencontre : \u00ab\u00a0Depuis le d\u00e9but de la CAN, l\u2019Alg\u00e9rie a \u00e9t\u00e9 costaud en attaque comme en d\u00e9fense. C\u2019est une nouvelle comp\u00e9tition qui commence, ce sera un beau match, on verra s\u2019ils sont capables de r\u00e9\u00e9diter l\u2019exploit r\u00e9alis\u00e9 auparavant. Pour nous, l\u2019objectif \u00e9tait de gagner, d\u2019avancer, m\u00eame si le jeu n\u2019a pas \u00e9t\u00e9 au rendez-vous. Nous sommes tous sereins, tranquilles, nous avons bien r\u00e9cup\u00e9r\u00e9. Nous sommes pr\u00eats pour ce grand rendez-vous\u00a0\u00bb.<\/p>\n<p>\u00a0<\/p>\n<p>\u00a0<\/p>\n<\/div>\n<p><img loading=\"lazy\" decoding=\"async\" src=\"http:\/\/feeds.feedburner.com\/~r\/aps-sport\/~4\/mpFaWPp-pEE\" height=\"1\" width=\"1\" alt=\"\"><\/div>\n<p>Auteur:<br \/>\n<a href=\"http:\/\/www.aps.dz\/sport\/91707-can-2019-1-4-de-finale-cote-d-ivoire-l-algerie-est-favorite-mais-personne-n-est-imbattable?utm_source=feedburner&#038;utm_medium=feed&#038;utm_campaign=Feed%3A+aps-sport+%28APS+-+SPORT%29\">Cliquez ici pour lire l&rsquo;article depuis sa source.<\/a><\/p>\n","protected":false},"excerpt":{"rendered":"<p>SUEZ (Egypte) &#8211; L&rsquo;entra\u00eeneur de la s\u00e9lection ivoirienne de football, Ibrahim Kamara, a estim\u00e9 que l\u2019Alg\u00e9rie partirait favorite, jeudi en quarts de finale de la CAN-2019 au stade de Suez (17h00 alg\u00e9riennes), affirmant cependant qu\u2019\u00a0\u00bbaucune \u00e9quipe n\u2019est imbattable\u00a0\u00bb. \u00ab\u00a0Quand on voit le parcours des deux \u00e9quipes depuis le d\u00e9but du tournoi, je dis que l\u2019Alg\u00e9rie [&hellip;]<\/p>\n","protected":false},"author":1790,"featured_media":45479,"comment_status":"closed","ping_status":"closed","sticky":false,"template":"","format":"standard","meta":{"fifu_image_url":"","fifu_image_alt":"","footnotes":""},"categories":[53,75],"tags":[],"class_list":["post-45478","post","type-post","status-publish","format-standard","has-post-thumbnail","hentry","category-algerie","category-sport"],"_links":{"self":[{"href":"https:\/\/linitiative.ca\/International\/wp-json\/wp\/v2\/posts\/45478","targetHints":{"allow":["GET"]}}],"collection":[{"href":"https:\/\/linitiative.ca\/International\/wp-json\/wp\/v2\/posts"}],"about":[{"href":"https:\/\/linitiative.ca\/International\/wp-json\/wp\/v2\/types\/post"}],"author":[{"embeddable":true,"href":"https:\/\/linitiative.ca\/International\/wp-json\/wp\/v2\/users\/1790"}],"replies":[{"embeddable":true,"href":"https:\/\/linitiative.ca\/International\/wp-json\/wp\/v2\/comments?post=45478"}],"version-history":[{"count":0,"href":"https:\/\/linitiative.ca\/International\/wp-json\/wp\/v2\/posts\/45478\/revisions"}],"wp:featuredmedia":[{"embeddable":true,"href":"https:\/\/linitiative.ca\/International\/wp-json\/"}],"wp:attachment":[{"href":"https:\/\/linitiative.ca\/International\/wp-json\/wp\/v2\/media?parent=45478"}],"wp:term":[{"taxonomy":"category","embeddable":true,"href":"https:\/\/linitiative.ca\/International\/wp-json\/wp\/v2\/categories?post=45478"},{"taxonomy":"post_tag","embeddable":true,"href":"https:\/\/linitiative.ca\/International\/wp-json\/wp\/v2\/tags?post=45478"}],"curies":[{"name":"wp","href":"https:\/\/api.w.org\/{rel}","templated":true}]}}