{"id":45483,"date":"2019-07-10T11:01:11","date_gmt":"2019-07-10T15:01:11","guid":{"rendered":"https:\/\/linitiative.ca\/International\/91718-can-2019-quarts-de-finale-belmadi-a-redonne-une-ame-a-cette-equipe\/"},"modified":"2019-07-10T11:01:11","modified_gmt":"2019-07-10T15:01:11","slug":"91718-can-2019-quarts-de-finale-belmadi-a-redonne-une-ame-a-cette-equipe","status":"publish","type":"post","link":"https:\/\/linitiative.ca\/International\/91718-can-2019-quarts-de-finale-belmadi-a-redonne-une-ame-a-cette-equipe\/","title":{"rendered":"CAN-2019 (Quarts de finale): \u00a0\u00bb Belmadi a redonn\u00e9 une \u00e2me \u00e0 cette \u00e9quipe\u00a0\u00bb"},"content":{"rendered":"<div>\n<div class=\"K2FeedImage\"><img decoding=\"async\" src=\"http:\/\/www.aps.dz\/media\/k2\/items\/cache\/6d602d9100add25c754e0e3ecfe3b770_S.jpg\" alt=\"CAN-2019 (Quarts de finale): \" belmadi a redonn une cette><\/div>\n<div class=\"K2FeedIntroText\">\n<p><strong>SUEZ (Egypte) &#8211; Le milieu de terrain relayeur de l\u2019\u00e9quipe nationale de football, Hicham Boudaoui, a li\u00e9 le parcours sans-faute r\u00e9alis\u00e9 jusque-l\u00e0 par les Verts \u00e0 la CAN-2019 en Egypte (21 juin \u2013 19 juillet), \u00e0 la touche du s\u00e9lectionneur national Djamel Belmadi, \u00e0 la veille du match face \u00e0 la C\u00f4te d&rsquo;Ivoire, jeudi \u00e0 Suez (17h00, alg\u00e9riennes), comptant pour les quarts de finale.<\/strong><\/p>\n<\/div>\n<div class=\"K2FeedFullText\">\n<p>\u00ab\u00a0Belmadi a redonn\u00e9 une \u00e2me \u00e0 cette \u00e9quipe, tous les joueurs l\u2019aiment. Il a gagn\u00e9 l&rsquo;estime des joueurs et c\u2019est le plus important, car un entraineur se fait un nom gr\u00e2ce aux joueurs. Il est tr\u00e8s proche de nous, il ne cesse de nous donner des conseils\u00a0\u00bb, a d\u00e9clar\u00e9 Boudaoui en conf\u00e9rence de presse, tenue au stade de Suez.<\/p>\n<p>Le joueur du Paradou AC (Ligue 1 alg\u00e9riennes) s\u2019exprimait \u00e0 la veille du match face \u00e0 la C\u00f4te d\u2019Ivoire, jeudi \u00e0 Suez (17h00, alg\u00e9riennes), comptant pour les quarts de finale de la CAN-2019.<\/p>\n<p>\u00ab\u00a0Le match de 2015 (\u00e9limination de l\u2019Alg\u00e9rie face \u00e0 la C\u00f4te d\u2019Ivoire en quarts de finale : 3-1, ndlr), je le regardais \u00e0 la t\u00e9l\u00e9vision, et l\u00e0 je vais jouer contre les Ivoiriens, c\u2019est \u00e9norme. Nous allons tout donner en mettant du c\u0153ur pour passer en demi-finales. La C\u00f4te d\u2019Ivoire est une grande \u00e9quipe, on esp\u00e8re gagner pour aller jusqu\u2019au bout et remporter le troph\u00e9e\u00a0\u00bb, a-t-il ajout\u00e9.<\/p>\n<p>Le plus jeune joueur de l\u2019\u00e9quipe nationale (19 ans), s\u2019est dit \u00a0\u00bb fier\u00a0\u00bb de faire partie de cette s\u00e9lection : \u00a0\u00bb Participer \u00e0 une CAN \u00e0 mon \u00e2ge m\u2019a rendu heureux et fier. Les joueurs m\u2019ont vite adopt\u00e9, ils m\u2019ont bien accueilli. Je t\u00e2cherai de continuer \u00e0 travailler pour rester en s\u00e9lection le plus longtemps possible et pourquoi pas aller au Mondial 2022 \u00ab\u00a0.<\/p>\n<p>Titularis\u00e9 lors du troisi\u00e8me et dernier match de la phase de poules face \u00e0 la Tanzanie (3-0), Boudaoui ne se soucie nullement de son statut de rempla\u00e7ant : \u00a0\u00bb Je suis content pour les r\u00e9sultats ainsi qu\u2019au niveau du jeu. Je n\u2019ai pas de probl\u00e8me de jouer ou non \u00ab\u00a0.<\/p>\n<p>En cas de qualification, l\u2019Alg\u00e9rie affrontera au dernier carr\u00e9 le vainqueur de l\u2019autre quart de finale entre le Nigeria et l\u2019Afrique du Sud, dimanche 14 juillet au stade international du Caire (20h00, alg\u00e9riennes).<\/p>\n<p>Il s\u2019agit de la troisi\u00e8me confrontation entre l&rsquo;Alg\u00e9rie et la C\u00f4te d&rsquo;Ivoire \u00e0 ce stade de la comp\u00e9tition d&rsquo;une phase finale. En 2010 (Angola), les Verts ont renvers\u00e9 les Ivoiriens (3-2) \u00e0 Cabinda, avant de c\u00e9der cinq ans plus tard \u00e0 Malabo en Guin\u00e9e-\u00e9quatoriale (2015) sur le score de (3-1).<\/p>\n<\/div>\n<p><img loading=\"lazy\" decoding=\"async\" src=\"http:\/\/feeds.feedburner.com\/~r\/aps-sport\/~4\/Dvgel2WM4jw\" height=\"1\" width=\"1\" alt=\"\"><\/div>\n<p>Auteur:<br \/>\n<a href=\"http:\/\/www.aps.dz\/sport\/91718-can-2019-quarts-de-finale-belmadi-a-redonne-une-ame-a-cette-equipe?utm_source=feedburner&#038;utm_medium=feed&#038;utm_campaign=Feed%3A+aps-sport+%28APS+-+SPORT%29\">Cliquez ici pour lire l&rsquo;article depuis sa source.<\/a><\/p>\n","protected":false},"excerpt":{"rendered":"<p>SUEZ (Egypte) &#8211; Le milieu de terrain relayeur de l\u2019\u00e9quipe nationale de football, Hicham Boudaoui, a li\u00e9 le parcours sans-faute r\u00e9alis\u00e9 jusque-l\u00e0 par les Verts \u00e0 la CAN-2019 en Egypte (21 juin \u2013 19 juillet), \u00e0 la touche du s\u00e9lectionneur national Djamel Belmadi, \u00e0 la veille du match face \u00e0 la C\u00f4te d&rsquo;Ivoire, jeudi \u00e0 [&hellip;]<\/p>\n","protected":false},"author":1790,"featured_media":45484,"comment_status":"closed","ping_status":"closed","sticky":false,"template":"","format":"standard","meta":{"fifu_image_url":"","fifu_image_alt":"","footnotes":""},"categories":[53,75],"tags":[],"class_list":["post-45483","post","type-post","status-publish","format-standard","has-post-thumbnail","hentry","category-algerie","category-sport"],"_links":{"self":[{"href":"https:\/\/linitiative.ca\/International\/wp-json\/wp\/v2\/posts\/45483","targetHints":{"allow":["GET"]}}],"collection":[{"href":"https:\/\/linitiative.ca\/International\/wp-json\/wp\/v2\/posts"}],"about":[{"href":"https:\/\/linitiative.ca\/International\/wp-json\/wp\/v2\/types\/post"}],"author":[{"embeddable":true,"href":"https:\/\/linitiative.ca\/International\/wp-json\/wp\/v2\/users\/1790"}],"replies":[{"embeddable":true,"href":"https:\/\/linitiative.ca\/International\/wp-json\/wp\/v2\/comments?post=45483"}],"version-history":[{"count":0,"href":"https:\/\/linitiative.ca\/International\/wp-json\/wp\/v2\/posts\/45483\/revisions"}],"wp:featuredmedia":[{"embeddable":true,"href":"https:\/\/linitiative.ca\/International\/wp-json\/"}],"wp:attachment":[{"href":"https:\/\/linitiative.ca\/International\/wp-json\/wp\/v2\/media?parent=45483"}],"wp:term":[{"taxonomy":"category","embeddable":true,"href":"https:\/\/linitiative.ca\/International\/wp-json\/wp\/v2\/categories?post=45483"},{"taxonomy":"post_tag","embeddable":true,"href":"https:\/\/linitiative.ca\/International\/wp-json\/wp\/v2\/tags?post=45483"}],"curies":[{"name":"wp","href":"https:\/\/api.w.org\/{rel}","templated":true}]}}