{"id":45492,"date":"2019-07-10T14:36:00","date_gmt":"2019-07-10T18:36:00","guid":{"rendered":"https:\/\/linitiative.ca\/International\/direction-de-leducation-une-formation-pour-les-nouveaux-enseignants\/"},"modified":"2019-07-10T14:36:00","modified_gmt":"2019-07-10T18:36:00","slug":"direction-de-leducation-une-formation-pour-les-nouveaux-enseignants","status":"publish","type":"post","link":"https:\/\/linitiative.ca\/International\/direction-de-leducation-une-formation-pour-les-nouveaux-enseignants\/","title":{"rendered":"DIRECTION DE L\u2019EDUCATION : Une formation pour les nouveaux enseignants"},"content":{"rendered":"<p><br id=\"sep_para_1\" class=\"sep_para access\"\/><\/p>\n<div id=\"para_1\" class=\"para_32099753 resize\">\n<div class=\"texte access firstletter\">La direction de l\u2019\u00e9ducation de la wilaya de Mostaganem organise depuis le 13\u00a0 de ce mois en cours qui co\u00efncide avec les vacances d\u2019\u00e9t\u00e9 , une session de formation au profit des nouveaux enseignants ,ceux de la liste additive appel\u00e9s, r\u00e9cemment, des trois paliers de l\u2019enseignement (primaire, moyen et secondaire), \u00e0 travers 3 centres de formation dont l\u2019institut de formation des fonctionnaires de l\u2019\u00e9ducation \u2018\u2019 Ben Zahea El Ghali \u2018\u2019 , r\u00e9serv\u00e9\u00a0 pour les enseignants du primaire , en plus de l\u2019institut de formation des fonctionnaires de l\u2019\u00e9ducation d\u2019Oran\u00a0 \u2018\u2019Benchenhou Abdelhamid\u2019\u2019 r\u00e9serv\u00e9 aux enseignants du cycle moyen et secondaire. Les enseignant sont invit\u00e9s de se rapprocher de la direction de l\u2019\u00e9ducation de la wilaya, pour\u00a0 rentier leur convocation\u00a0 \u00e0 partir du 10 de ce mois. Au cours de ce stage de formation, ces nouveaux enseignants actualiseront et approfondiront leurs connaissances p\u00e9dagogiques dans les diff\u00e9rentes mati\u00e8res scolaires pr\u00e9vues pour les trois paliers \u00e0 savoir : Approche de la formation par les comp\u00e9tences en mettant l\u2019accent sur les crit\u00e8res de la pratique de classe , simulation \u00e0 partir de situations de pratique en classe permettant l\u2019int\u00e9gration d\u2019acquis au cours de la formation pour un bon d\u00e9veloppement des comp\u00e9tences, utiliser une p\u00e9dagogie de formation bas\u00e9e sur la participation et l\u2019interaction pour leurs permettre d\u2019am\u00e9liorer leurs comp\u00e9tences professionnelles et la maitrise dans la gestion des groupes p\u00e9dagogiques. Egalement mettre les stagiaires dans des situations p\u00e9dagogiques r\u00e9elles pour les aider \u00e0 \u00e9tablir des outils p\u00e9dagogiques \u00e0 mobiliser dans les pratiques professionnelles, d\u00e9veloppement de l\u2019esprit d\u2019innovation par le biais d\u2019activit\u00e9s diverses pour leur permettre de s\u2019investir dans l\u2019auto-formation et les encourager \u00e0 avoir le sens de l\u2019initiative et de la cr\u00e9ativit\u00e9, fournir les conditions d\u2019\u00e9valuation du degr\u00e9 de la r\u00e9alisation des objectifs et l\u2019efficacit\u00e9. Quant \u00e0 l\u2019encadrement, il est assur\u00e9 par plusieurs encadreurs entre inspecteurs et enseignants formateurs.<\/div>\n<\/div>\n<p>Auteur: GanaYacine<br \/>\n<a href=\"https:\/\/www.reflexiondz.net\/DIRECTION-DE-L-EDUCATION-Une-formation-pour-les-nouveaux-enseignants_a56511.html\">Cliquez ici pour lire l&rsquo;article depuis sa source.<\/a><\/p>\n","protected":false},"excerpt":{"rendered":"<p>La direction de l\u2019\u00e9ducation de la wilaya de Mostaganem organise depuis le 13\u00a0 de ce mois en cours qui co\u00efncide avec les vacances d\u2019\u00e9t\u00e9 , une session de formation au profit des nouveaux enseignants ,ceux de la liste additive appel\u00e9s, r\u00e9cemment, des trois paliers de l\u2019enseignement (primaire, moyen et secondaire), \u00e0 travers 3 centres de [&hellip;]<\/p>\n","protected":false},"author":1740,"featured_media":0,"comment_status":"closed","ping_status":"closed","sticky":false,"template":"","format":"standard","meta":{"fifu_image_url":"","fifu_image_alt":"","footnotes":""},"categories":[53,76],"tags":[],"class_list":["post-45492","post","type-post","status-publish","format-standard","hentry","category-algerie","category-regions"],"_links":{"self":[{"href":"https:\/\/linitiative.ca\/International\/wp-json\/wp\/v2\/posts\/45492","targetHints":{"allow":["GET"]}}],"collection":[{"href":"https:\/\/linitiative.ca\/International\/wp-json\/wp\/v2\/posts"}],"about":[{"href":"https:\/\/linitiative.ca\/International\/wp-json\/wp\/v2\/types\/post"}],"author":[{"embeddable":true,"href":"https:\/\/linitiative.ca\/International\/wp-json\/wp\/v2\/users\/1740"}],"replies":[{"embeddable":true,"href":"https:\/\/linitiative.ca\/International\/wp-json\/wp\/v2\/comments?post=45492"}],"version-history":[{"count":0,"href":"https:\/\/linitiative.ca\/International\/wp-json\/wp\/v2\/posts\/45492\/revisions"}],"wp:attachment":[{"href":"https:\/\/linitiative.ca\/International\/wp-json\/wp\/v2\/media?parent=45492"}],"wp:term":[{"taxonomy":"category","embeddable":true,"href":"https:\/\/linitiative.ca\/International\/wp-json\/wp\/v2\/categories?post=45492"},{"taxonomy":"post_tag","embeddable":true,"href":"https:\/\/linitiative.ca\/International\/wp-json\/wp\/v2\/tags?post=45492"}],"curies":[{"name":"wp","href":"https:\/\/api.w.org\/{rel}","templated":true}]}}