{"id":45493,"date":"2019-07-10T14:36:00","date_gmt":"2019-07-10T18:36:00","guid":{"rendered":"https:\/\/linitiative.ca\/International\/ain-temouchent-un-caporal-chef-se-noie-a-la-plage-de-rachgoun-1\/"},"modified":"2019-07-10T14:36:00","modified_gmt":"2019-07-10T18:36:00","slug":"ain-temouchent-un-caporal-chef-se-noie-a-la-plage-de-rachgoun-1","status":"publish","type":"post","link":"https:\/\/linitiative.ca\/International\/ain-temouchent-un-caporal-chef-se-noie-a-la-plage-de-rachgoun-1\/","title":{"rendered":"AIN TEMOUCHENT  : Un caporal chef se noie  \u00e0 la plage de Rachgoun 1"},"content":{"rendered":"<p><br id=\"sep_para_1\" class=\"sep_para access\"\/><\/p>\n<div id=\"para_1\" class=\"para_32099741 resize\">\n<div class=\"texte access firstletter\">Les \u00e9l\u00e9ments de la protection civile ont r\u00e9ussi le mardi dernier\u00a0 aux environs de 20 heures \u00e0 rep\u00eacher le corps d\u2019un noy\u00e9 port\u00e9 disparu la veille au niveau de la plage de Rachgoun 1 relevant de la commune de Souk El Lethenine dans la da\u00efra d\u2019Oulhaca.\u00a0 La d\u00e9pouille du d\u00e9funt en l\u2019occurrence W.A. 25 ans , caporal chef au sein dans l\u2019arm\u00e9e nationale populaire r\u00e9side dans la commune de Sidi El Abdli dans la wilaya de Tlemcen \u00e9t\u00e9 d\u00e9pos\u00e9e par les \u00e9l\u00e9ments de la protection civile \u00e0 la morgue de l\u2019h\u00f4pital de B\u00e9ni Saf,\u00a0 conclut le communiqu\u00e9 de la direction de la protection civile.\u00a0\u00a0\u00a0\u00a0\u00a0\u00a0\u00a0\u00a0\u00a0\u00a0\u00a0\u00a0\u00a0\u00a0\u00a0\u00a0\u00a0\u00a0\u00a0\u00a0\u00a0\u00a0\u00a0\u00a0\u00a0\u00a0\u00a0\u00a0\u00a0\u00a0\u00a0\u00a0\u00a0\u00a0\u00a0\u00a0\u00a0<\/div>\n<\/div>\n<p>Auteur: H.Bouna<br \/>\n<a href=\"https:\/\/www.reflexiondz.net\/AIN-TEMOUCHENT-Un-caporal-chef-se-noie-a-la-plage-de-Rachgoun-1_a56510.html\">Cliquez ici pour lire l&rsquo;article depuis sa source.<\/a><\/p>\n","protected":false},"excerpt":{"rendered":"<p>Les \u00e9l\u00e9ments de la protection civile ont r\u00e9ussi le mardi dernier\u00a0 aux environs de 20 heures \u00e0 rep\u00eacher le corps d\u2019un noy\u00e9 port\u00e9 disparu la veille au niveau de la plage de Rachgoun 1 relevant de la commune de Souk El Lethenine dans la da\u00efra d\u2019Oulhaca.\u00a0 La d\u00e9pouille du d\u00e9funt en l\u2019occurrence W.A. 25 ans [&hellip;]<\/p>\n","protected":false},"author":1740,"featured_media":0,"comment_status":"closed","ping_status":"closed","sticky":false,"template":"","format":"standard","meta":{"fifu_image_url":"","fifu_image_alt":"","footnotes":""},"categories":[53,76],"tags":[],"class_list":["post-45493","post","type-post","status-publish","format-standard","hentry","category-algerie","category-regions"],"_links":{"self":[{"href":"https:\/\/linitiative.ca\/International\/wp-json\/wp\/v2\/posts\/45493","targetHints":{"allow":["GET"]}}],"collection":[{"href":"https:\/\/linitiative.ca\/International\/wp-json\/wp\/v2\/posts"}],"about":[{"href":"https:\/\/linitiative.ca\/International\/wp-json\/wp\/v2\/types\/post"}],"author":[{"embeddable":true,"href":"https:\/\/linitiative.ca\/International\/wp-json\/wp\/v2\/users\/1740"}],"replies":[{"embeddable":true,"href":"https:\/\/linitiative.ca\/International\/wp-json\/wp\/v2\/comments?post=45493"}],"version-history":[{"count":0,"href":"https:\/\/linitiative.ca\/International\/wp-json\/wp\/v2\/posts\/45493\/revisions"}],"wp:attachment":[{"href":"https:\/\/linitiative.ca\/International\/wp-json\/wp\/v2\/media?parent=45493"}],"wp:term":[{"taxonomy":"category","embeddable":true,"href":"https:\/\/linitiative.ca\/International\/wp-json\/wp\/v2\/categories?post=45493"},{"taxonomy":"post_tag","embeddable":true,"href":"https:\/\/linitiative.ca\/International\/wp-json\/wp\/v2\/tags?post=45493"}],"curies":[{"name":"wp","href":"https:\/\/api.w.org\/{rel}","templated":true}]}}