{"id":45494,"date":"2019-07-10T14:36:00","date_gmt":"2019-07-10T18:36:00","guid":{"rendered":"https:\/\/linitiative.ca\/International\/mascara-saisie-de-352-unites-de-boissons-alcoolisees\/"},"modified":"2019-07-10T14:36:00","modified_gmt":"2019-07-10T18:36:00","slug":"mascara-saisie-de-352-unites-de-boissons-alcoolisees","status":"publish","type":"post","link":"https:\/\/linitiative.ca\/International\/mascara-saisie-de-352-unites-de-boissons-alcoolisees\/","title":{"rendered":"MASCARA : Saisie de 352 unit\u00e9s  de boissons alcoolis\u00e9es"},"content":{"rendered":"<p><br id=\"sep_para_1\" class=\"sep_para access\"\/><\/p>\n<div id=\"para_1\" class=\"para_32099739 resize\">\n<div class=\"texte access firstletter\">Les \u00e9l\u00e9ments de la BRI\u00a0 aupr\u00e8s de la police judicaire de Mascara ont pu mettre la main sur un vendeur illicite de boissons alcoolis\u00e9es \u00e2g\u00e9 de 27 ans avec la saisie de 352 unit\u00e9s, cette op\u00e9ration a \u00e9t\u00e9 effectu\u00e9e \u00e0 la suite d\u2019une information communiqu\u00e9e au service comp\u00e9tent, indiquant qu\u2019un individu s\u2019adonner \u00e0\u00a0 la vente de boissons alcoolis\u00e9es sans autorisation au niveau d\u2019un quartier de la ville. Un plan a \u00e9t\u00e9 \u00e9labor\u00e9 apr\u00e8s que le mis en cause soit mis sous surveillance pour l\u2019arr\u00eater alors qu\u2019il \u00e9tait en possession d\u2019une somme d\u2019argent, b\u00e9n\u00e9fice de la vente. La fouille du domicile a permis la d\u00e9couverte et la saisie de la quantit\u00e9 sus-indiqu\u00e9e.\u00a0\u00a0\u00a0\u00a0\u00a0\u00a0\u00a0\u00a0\u00a0\u00a0\u00a0<\/div>\n<\/div>\n<p>Auteur: B.Boufaden<br \/>\n<a href=\"https:\/\/www.reflexiondz.net\/MASCARA-Saisie-de-352-unites-de-boissons-alcoolisees_a56509.html\">Cliquez ici pour lire l&rsquo;article depuis sa source.<\/a><\/p>\n","protected":false},"excerpt":{"rendered":"<p>Les \u00e9l\u00e9ments de la BRI\u00a0 aupr\u00e8s de la police judicaire de Mascara ont pu mettre la main sur un vendeur illicite de boissons alcoolis\u00e9es \u00e2g\u00e9 de 27 ans avec la saisie de 352 unit\u00e9s, cette op\u00e9ration a \u00e9t\u00e9 effectu\u00e9e \u00e0 la suite d\u2019une information communiqu\u00e9e au service comp\u00e9tent, indiquant qu\u2019un individu s\u2019adonner \u00e0\u00a0 la vente [&hellip;]<\/p>\n","protected":false},"author":1740,"featured_media":0,"comment_status":"closed","ping_status":"closed","sticky":false,"template":"","format":"standard","meta":{"fifu_image_url":"","fifu_image_alt":"","footnotes":""},"categories":[53,76],"tags":[],"class_list":["post-45494","post","type-post","status-publish","format-standard","hentry","category-algerie","category-regions"],"_links":{"self":[{"href":"https:\/\/linitiative.ca\/International\/wp-json\/wp\/v2\/posts\/45494","targetHints":{"allow":["GET"]}}],"collection":[{"href":"https:\/\/linitiative.ca\/International\/wp-json\/wp\/v2\/posts"}],"about":[{"href":"https:\/\/linitiative.ca\/International\/wp-json\/wp\/v2\/types\/post"}],"author":[{"embeddable":true,"href":"https:\/\/linitiative.ca\/International\/wp-json\/wp\/v2\/users\/1740"}],"replies":[{"embeddable":true,"href":"https:\/\/linitiative.ca\/International\/wp-json\/wp\/v2\/comments?post=45494"}],"version-history":[{"count":0,"href":"https:\/\/linitiative.ca\/International\/wp-json\/wp\/v2\/posts\/45494\/revisions"}],"wp:attachment":[{"href":"https:\/\/linitiative.ca\/International\/wp-json\/wp\/v2\/media?parent=45494"}],"wp:term":[{"taxonomy":"category","embeddable":true,"href":"https:\/\/linitiative.ca\/International\/wp-json\/wp\/v2\/categories?post=45494"},{"taxonomy":"post_tag","embeddable":true,"href":"https:\/\/linitiative.ca\/International\/wp-json\/wp\/v2\/tags?post=45494"}],"curies":[{"name":"wp","href":"https:\/\/api.w.org\/{rel}","templated":true}]}}