{"id":45495,"date":"2019-07-10T14:36:00","date_gmt":"2019-07-10T18:36:00","guid":{"rendered":"https:\/\/linitiative.ca\/International\/tiaret-un-pere-ecroue-pour-lhomicide-de-son-fils\/"},"modified":"2019-07-10T14:36:00","modified_gmt":"2019-07-10T18:36:00","slug":"tiaret-un-pere-ecroue-pour-lhomicide-de-son-fils","status":"publish","type":"post","link":"https:\/\/linitiative.ca\/International\/tiaret-un-pere-ecroue-pour-lhomicide-de-son-fils\/","title":{"rendered":"TIARET : Un p\u00e8re \u00e9crou\u00e9 pour l\u2019homicide de son fils"},"content":{"rendered":"<p><br id=\"sep_para_1\" class=\"sep_para access\"\/><\/p>\n<div id=\"para_1\" class=\"para_32099733 resize\">\n<div class=\"photo shadow left\"><a href=\"javascript:void(0)\" rel=\"https:\/\/www.reflexiondz.net\/photo\/art\/grande\/35492773-32099733.jpg?v=1562786150&#038;ibox\" title=\"TIARET : Un p\u00e8re \u00e9crou\u00e9 pour l\u2019homicide de son fils\"><img decoding=\"async\" class=\"responsive c9\" src=\"https:\/\/www.reflexiondz.net\/photo\/art\/grande\/35492773-32099733.jpg?v=1562786150\" alt=\"TIARET : Un p\u00e8re \u00e9crou\u00e9 pour l\u2019homicide de son fils\" title=\"TIARET : Un p\u00e8re \u00e9crou\u00e9 pour l\u2019homicide de son fils\"\/><img decoding=\"async\" class=\"not-responsive\" src=\"https:\/\/www.reflexiondz.net\/photo\/art\/default\/35492773-32099733.jpg?v=1562786151\" alt=\"TIARET : Un p\u00e8re \u00e9crou\u00e9 pour l\u2019homicide de son fils\" title=\"TIARET : Un p\u00e8re \u00e9crou\u00e9 pour l\u2019homicide de son fils\"\/><\/a><\/div>\n<div class=\"texte access firstletter\">En effet, les faits\u00a0 remontent \u00e0 la nuit du 2 d\u00e9cembre 2018, lorsque toute la cit\u00e9 de\u00a0\u00bbZaaroura\u00a0\u00bb aurait \u00e9t\u00e9 inform\u00e9e de l\u2019assassinat d&rsquo;un jeune, \u00e2g\u00e9 de 32 ans, par son propre p\u00e8re, \u00e2g\u00e9 de 58 ans et retrait\u00e9. Ce jeune, nous dit-on ,en \u00e9tat d\u2019\u00e9bri\u00e9t\u00e9 aurait provoqu\u00e9 un tapage nocturne et est entr\u00e9 en altercations avec son p\u00e8re, qui dans un moment d\u2019inattention, aurait us\u00e9 d&rsquo;un objet en bois pour emp\u00eacher son fils d&rsquo;avancer car il \u00e9tait en possession d&rsquo;une arme blanche et s&rsquo;est fait blesser au niveau de la main et des yeux et \u00e0 ce titre, le jeune a \u00e9t\u00e9 \u00e9vacu\u00e9 en urgence \u00e0 l\u2019h\u00f4pital de Tiaret et une fois sorti, les altercations ont refait surface ,tout \u00e0 signaler que le jeune \u00e9tait diab\u00e9tique et\u00a0 est tomb\u00e9 , sa nuque ayant percut\u00e9 la chauss\u00e9e. Cette chute lui a caus\u00e9 une fracture de la nuque et une h\u00e9morragie interne. Cette sc\u00e8ne, nous dit-on a fait pleurer la conseill\u00e8re du\u00a0 juge ainsi qu&rsquo;un membre du jury, lorsque le p\u00e8re aurait avanc\u00e9 un lot d&rsquo;arguments prouvant l&rsquo;impossibilit\u00e9 d&rsquo;un p\u00e8re de tuer son enfant. L\u2019avocat, ma\u00eetre Hammam Kachir, a plaid\u00e9 pour l&rsquo;innocence\u00a0 et a pu r\u00e9duire la peine demand\u00e9e de 7 ans \u00e0 3 ans de prison ferme. Une affaire qui a fait plonger l&rsquo;assistance dans un climat de chagrin en signalant que la m\u00e8re du jeune a reni\u00e9 \u00e0 tous les droits et est sortie en pleurs.<\/div>\n<\/div>\n<p>Auteur: Abdelkader Benrebiha<br \/>\n<a href=\"https:\/\/www.reflexiondz.net\/TIARET-Un-pere-ecroue-pour-l-homicide-de-son-fils_a56508.html\">Cliquez ici pour lire l&rsquo;article depuis sa source.<\/a><\/p>\n","protected":false},"excerpt":{"rendered":"<p>En effet, les faits\u00a0 remontent \u00e0 la nuit du 2 d\u00e9cembre 2018, lorsque toute la cit\u00e9 de\u00a0\u00bbZaaroura\u00a0\u00bb aurait \u00e9t\u00e9 inform\u00e9e de l\u2019assassinat d&rsquo;un jeune, \u00e2g\u00e9 de 32 ans, par son propre p\u00e8re, \u00e2g\u00e9 de 58 ans et retrait\u00e9. Ce jeune, nous dit-on ,en \u00e9tat d\u2019\u00e9bri\u00e9t\u00e9 aurait provoqu\u00e9 un tapage nocturne et est entr\u00e9 en altercations [&hellip;]<\/p>\n","protected":false},"author":1740,"featured_media":0,"comment_status":"closed","ping_status":"closed","sticky":false,"template":"","format":"standard","meta":{"fifu_image_url":"","fifu_image_alt":"","footnotes":""},"categories":[53,76],"tags":[],"class_list":["post-45495","post","type-post","status-publish","format-standard","hentry","category-algerie","category-regions"],"_links":{"self":[{"href":"https:\/\/linitiative.ca\/International\/wp-json\/wp\/v2\/posts\/45495","targetHints":{"allow":["GET"]}}],"collection":[{"href":"https:\/\/linitiative.ca\/International\/wp-json\/wp\/v2\/posts"}],"about":[{"href":"https:\/\/linitiative.ca\/International\/wp-json\/wp\/v2\/types\/post"}],"author":[{"embeddable":true,"href":"https:\/\/linitiative.ca\/International\/wp-json\/wp\/v2\/users\/1740"}],"replies":[{"embeddable":true,"href":"https:\/\/linitiative.ca\/International\/wp-json\/wp\/v2\/comments?post=45495"}],"version-history":[{"count":0,"href":"https:\/\/linitiative.ca\/International\/wp-json\/wp\/v2\/posts\/45495\/revisions"}],"wp:attachment":[{"href":"https:\/\/linitiative.ca\/International\/wp-json\/wp\/v2\/media?parent=45495"}],"wp:term":[{"taxonomy":"category","embeddable":true,"href":"https:\/\/linitiative.ca\/International\/wp-json\/wp\/v2\/categories?post=45495"},{"taxonomy":"post_tag","embeddable":true,"href":"https:\/\/linitiative.ca\/International\/wp-json\/wp\/v2\/tags?post=45495"}],"curies":[{"name":"wp","href":"https:\/\/api.w.org\/{rel}","templated":true}]}}