{"id":45497,"date":"2019-07-10T14:36:00","date_gmt":"2019-07-10T18:36:00","guid":{"rendered":"https:\/\/linitiative.ca\/International\/les-prix-de-place-entre-800-et-1000-dinars-lacces-aux-plages-payant-sur-la-corniche-oranaise\/"},"modified":"2019-07-10T14:36:00","modified_gmt":"2019-07-10T18:36:00","slug":"les-prix-de-place-entre-800-et-1000-dinars-lacces-aux-plages-payant-sur-la-corniche-oranaise","status":"publish","type":"post","link":"https:\/\/linitiative.ca\/International\/les-prix-de-place-entre-800-et-1000-dinars-lacces-aux-plages-payant-sur-la-corniche-oranaise\/","title":{"rendered":"LES PRIX DE PLACE ENTRE 800 ET 1000 DINARS : L\u2019acc\u00e8s aux plages payant sur la corniche oranaise !"},"content":{"rendered":"<p><br id=\"sep_para_1\" class=\"sep_para access\"\/><\/p>\n<div id=\"para_1\" class=\"para_32099721 resize\">\n<div class=\"texte access firstletter\">Dans cette atteinte aux droits d\u2019occuper l\u2019espace public, les\u00a0 municipalit\u00e9s ne semblent\u00a0 rien\u00a0 faire appliquer les cahiers des charges qu\u2019elles ont, pourtant, \u00e9dict\u00e9s et sign\u00e9s\u00a0 par les concessionnaires\u00a0 de ces p\u00e9rimetres\u00a0 pr\u00e8s de la mer. De leur c\u00f4t\u00e9, les services de s\u00e9curit\u00e9, estimant probablement que ce sont les communes qui cr\u00e9ent des probl\u00e8mes, laissent faire. Or, sur toute la longueur de la plage, tr\u00e8s pris\u00e9e par les estivants venant de plusieurs wilayas limitrophes de Tiaret,\u00a0 Sidi Bel-Abb\u00e8s et Mascara, les parasols et les tables sont install\u00e9s. Un baigneur en famille qui veut choisir un endroit au bord de l\u2019eau, doit payer au minimum 1 000 dinars en louant un parasol, une table et des chaises. Dans le cas contraire, il ira voir ailleurs. L\u2019espace public lui sera interdit. On n\u2019h\u00e9sitera pas de recourir \u00e0 des moyens intimidants, voire pire. C\u2019est le cas dans d\u2019autres communes de la wilaya.Nous revenons sur le fait que certaines communes ne jouent pas le jeu. Elles d\u00e9livrent, en effet, des autorisations pour l\u2019occupation des carr\u00e9s de 5&#215;5 m\u00e8tres en arri\u00e8re des plages, permettant aux b\u00e9n\u00e9ficiaires de ces emplacements de d\u00e9poser leurs \u00e9quipements en location, une sorte de boutique commerciale, sans plus. Mais les jeunes se sont partag\u00e9s les plages au d\u00e9triment des citoyens.Un p\u00e8re de famille estivant dira: \u00abSi au moins \u00e0 ce prix, on avait la tranquillit\u00e9 ! On se retrouve avec un parasol et une table coll\u00e9s au voisin; on ne peut m\u00eame pas \u00eatre \u00e0 l\u2019aise.\u00bb notre interlocuteur ironisera: \u00abLes plagistes ont l\u2019air de truands; ils nous accueillent avec des matraques, question de nous dissuader de refuser de payer la place \u00e0 la plage. Sous d\u2019autres cieux et pas trop loin, les plagistes ont une tenue sp\u00e9ciale et sont aux petits soins avec les estivants. Le d\u00e9veloppement du tourisme n\u2019est pas pour demain dans notre pays !\u00bb N\u2019est-ce pas l\u00e0 un point qui doit \u00eatre mentionn\u00e9 dans le cahier des charges de la concession des plages, puisque cela nuit \u00e0 l\u2019image du tourisme dans notre pays. L\u2019autre constat sur les plages est l\u2019absence des sanitaires. Pourtant, leur r\u00e9alisation \u00e9tait inscrite dans le programme de pr\u00e9paration de la saison estivale. En fait, hormis Bouisville, Bomo-Plage et la plage L\u2019Etoile, les sanitaires font d\u00e9faut. \u2018\u2019On est oblig\u00e9s de faire nos besoins dans la mer, ou nous isoler dans les dunes pour un besoin pressant\u2019\u2019. Au lieu d\u2019inculquer \u00e0 nos enfants l\u2019hygi\u00e8ne, la propret\u00e9 et la pr\u00e9servation de l\u2019environnement, c\u2019est nous-m\u00eames, les parents, qui leur disons d\u2019entrer \u00e0 la mer pour s\u2019y soulager.\u00bb<\/div>\n<\/div>\n<p>Auteur: Habib Medjadji<br \/>\n<a href=\"https:\/\/www.reflexiondz.net\/LES-PRIX-DE-PLACE-ENTRE-800-ET-1000-DINARS-L-acces-aux-plages-payant-sur-la-corniche-oranaise-_a56506.html\">Cliquez ici pour lire l&rsquo;article depuis sa source.<\/a><\/p>\n","protected":false},"excerpt":{"rendered":"<p>Dans cette atteinte aux droits d\u2019occuper l\u2019espace public, les\u00a0 municipalit\u00e9s ne semblent\u00a0 rien\u00a0 faire appliquer les cahiers des charges qu\u2019elles ont, pourtant, \u00e9dict\u00e9s et sign\u00e9s\u00a0 par les concessionnaires\u00a0 de ces p\u00e9rimetres\u00a0 pr\u00e8s de la mer. De leur c\u00f4t\u00e9, les services de s\u00e9curit\u00e9, estimant probablement que ce sont les communes qui cr\u00e9ent des probl\u00e8mes, laissent faire. [&hellip;]<\/p>\n","protected":false},"author":1740,"featured_media":0,"comment_status":"closed","ping_status":"closed","sticky":false,"template":"","format":"standard","meta":{"fifu_image_url":"","fifu_image_alt":"","footnotes":""},"categories":[53,76],"tags":[],"class_list":["post-45497","post","type-post","status-publish","format-standard","hentry","category-algerie","category-regions"],"_links":{"self":[{"href":"https:\/\/linitiative.ca\/International\/wp-json\/wp\/v2\/posts\/45497","targetHints":{"allow":["GET"]}}],"collection":[{"href":"https:\/\/linitiative.ca\/International\/wp-json\/wp\/v2\/posts"}],"about":[{"href":"https:\/\/linitiative.ca\/International\/wp-json\/wp\/v2\/types\/post"}],"author":[{"embeddable":true,"href":"https:\/\/linitiative.ca\/International\/wp-json\/wp\/v2\/users\/1740"}],"replies":[{"embeddable":true,"href":"https:\/\/linitiative.ca\/International\/wp-json\/wp\/v2\/comments?post=45497"}],"version-history":[{"count":0,"href":"https:\/\/linitiative.ca\/International\/wp-json\/wp\/v2\/posts\/45497\/revisions"}],"wp:attachment":[{"href":"https:\/\/linitiative.ca\/International\/wp-json\/wp\/v2\/media?parent=45497"}],"wp:term":[{"taxonomy":"category","embeddable":true,"href":"https:\/\/linitiative.ca\/International\/wp-json\/wp\/v2\/categories?post=45497"},{"taxonomy":"post_tag","embeddable":true,"href":"https:\/\/linitiative.ca\/International\/wp-json\/wp\/v2\/tags?post=45497"}],"curies":[{"name":"wp","href":"https:\/\/api.w.org\/{rel}","templated":true}]}}