{"id":45512,"date":"2019-07-10T10:40:00","date_gmt":"2019-07-10T14:40:00","guid":{"rendered":"https:\/\/linitiative.ca\/International\/can-au-caire-les-tunisiens-evolueront-en-blanc-face-aux-malgaches\/"},"modified":"2019-07-10T10:40:00","modified_gmt":"2019-07-10T14:40:00","slug":"can-au-caire-les-tunisiens-evolueront-en-blanc-face-aux-malgaches","status":"publish","type":"post","link":"https:\/\/linitiative.ca\/International\/can-au-caire-les-tunisiens-evolueront-en-blanc-face-aux-malgaches\/","title":{"rendered":"CAN: Au Caire, les Tunisiens \u00e9volueront en blanc face aux Malgaches"},"content":{"rendered":"<p>L\u2019\u00e9quipe nationale qui jouera jeudi contre les Malgaches en quart de finale de la CAN a demand\u00e9 aux organisateurs d\u2019\u00e9voluer en maillot rouge comme lors des huiti\u00e8mes de finale. Malheureusement, l\u2019\u00e9quipe adverse avait fait le m\u00eame choix. Comme elle avait fait sa d\u00e9marche plus t\u00f4t que les Tunisiens, c\u2019est elle qui jouera en rouge. Par contre, les n\u00f4tres seront en blanc.<\/p>\n<p>Auteur:<br \/>\n<a href=\"https:\/\/www.leaders.com.tn\/article\/27476-can-les-tunisiens-evolueront-en-blanc-face-aux-malgaches\">Cliquez ici pour lire l&rsquo;article depuis sa source.<\/a><\/p>\n","protected":false},"excerpt":{"rendered":"<p>L\u2019\u00e9quipe nationale qui jouera jeudi contre les Malgaches en quart de finale de la CAN a demand\u00e9 aux organisateurs d\u2019\u00e9voluer en maillot rouge comme lors des huiti\u00e8mes de finale. Malheureusement, l\u2019\u00e9quipe adverse avait fait le m\u00eame choix. Comme elle avait fait sa d\u00e9marche plus t\u00f4t que les Tunisiens, c\u2019est elle qui jouera en rouge. Par [&hellip;]<\/p>\n","protected":false},"author":1772,"featured_media":0,"comment_status":"closed","ping_status":"closed","sticky":false,"template":"","format":"standard","meta":{"fifu_image_url":"","fifu_image_alt":"","footnotes":""},"categories":[73,55],"tags":[],"class_list":["post-45512","post","type-post","status-publish","format-standard","hentry","category-actualite","category-tunisie"],"_links":{"self":[{"href":"https:\/\/linitiative.ca\/International\/wp-json\/wp\/v2\/posts\/45512","targetHints":{"allow":["GET"]}}],"collection":[{"href":"https:\/\/linitiative.ca\/International\/wp-json\/wp\/v2\/posts"}],"about":[{"href":"https:\/\/linitiative.ca\/International\/wp-json\/wp\/v2\/types\/post"}],"author":[{"embeddable":true,"href":"https:\/\/linitiative.ca\/International\/wp-json\/wp\/v2\/users\/1772"}],"replies":[{"embeddable":true,"href":"https:\/\/linitiative.ca\/International\/wp-json\/wp\/v2\/comments?post=45512"}],"version-history":[{"count":0,"href":"https:\/\/linitiative.ca\/International\/wp-json\/wp\/v2\/posts\/45512\/revisions"}],"wp:attachment":[{"href":"https:\/\/linitiative.ca\/International\/wp-json\/wp\/v2\/media?parent=45512"}],"wp:term":[{"taxonomy":"category","embeddable":true,"href":"https:\/\/linitiative.ca\/International\/wp-json\/wp\/v2\/categories?post=45512"},{"taxonomy":"post_tag","embeddable":true,"href":"https:\/\/linitiative.ca\/International\/wp-json\/wp\/v2\/tags?post=45512"}],"curies":[{"name":"wp","href":"https:\/\/api.w.org\/{rel}","templated":true}]}}