{"id":45521,"date":"2019-07-10T10:02:50","date_gmt":"2019-07-10T14:02:50","guid":{"rendered":"https:\/\/linitiative.ca\/International\/marche-automobile-la-chute-se-poursuit\/"},"modified":"2019-07-10T10:02:50","modified_gmt":"2019-07-10T14:02:50","slug":"marche-automobile-la-chute-se-poursuit","status":"publish","type":"post","link":"https:\/\/linitiative.ca\/International\/marche-automobile-la-chute-se-poursuit\/","title":{"rendered":"March\u00e9 automobile : La chute se poursuit !"},"content":{"rendered":"<p class=\"p1\"><strong>Les statistiques relatives au march\u00e9 automobile des v\u00e9hicules neufs \u00e0 fin juin, fra\u00eechement d\u00e9voil\u00e9es par l\u2019Association des importateurs de v\u00e9hicules au Maroc (Aivam), ne font que le confirmer : le march\u00e9 dans sa globalit\u00e9 patine toujours. Et l\u2019h\u00e9morragie ne semble pas pr\u00e8s de s\u2019arr\u00eater.<span class=\"Apple-converted-space\">\u00a0\u00a0<\/span><\/strong><\/p>\n<div class=\"c10\"\/>\n<p class=\"p1\">L\u2019heure n\u2019est gu\u00e8re aux r\u00e9jouissances pour plus de la moiti\u00e9 des importateurs automobiles de v\u00e9hicules neufs de la place qui doivent composer avec la frilosit\u00e9 du march\u00e9. Pour ce qui est du seul mois de juin, les ventes de v\u00e9hicules particuliers (VP) ont enregistr\u00e9 une baisse de -1,59 % compar\u00e9e \u00e0 la m\u00eame p\u00e9riode de l\u2019ann\u00e9e derni\u00e8re. Certes, plusieurs op\u00e9rateurs ont su tirer leur \u00e9pingle du jeu. Outre le tandem Peugeot et Citro\u00ebn, dont tous les indicateurs sont dans le vert, d\u2019autres op\u00e9rateurs comme Hyundai, Kia, Mitsubishi, Opel, ou encore Renault peuvent se satisfaire de leurs scores. De m\u00eame que la plupart des op\u00e9rateurs qui officient dans l\u2019utilitaire l\u00e9ger ont comptabilis\u00e9 de bonnes ventes le mois dernier, le segment ayant affich\u00e9 une croissance de 15,75%. La p\u00e9riode estivale qui s\u2019annonce \u00e0 grands pas, suivie dans la foul\u00e9e par la rentr\u00e9e scolaire, ne devrait pas permettre aux professionnels d\u2019inverser cette tendance baissi\u00e8re des ventes.<\/p>\n<p class=\"p4\"><strong>Un semestre morose<\/strong><\/p>\n<p class=\"p5\"><span class=\"s1\">A<\/span><span class=\"s1\">u cours du premier semestre, 80 735 v\u00e9hicules de tourisme et utilitaires l\u00e9gers ont \u00e9t\u00e9 \u00e9coul\u00e9s contre 90 726 en 2018, soit une baisse de -11, 01 %. Une fois de plus, le segment des VUL pris dans son entier surfe sur un trend haussier avec pr\u00e8s de 8 225 utilitaires \u00e9coul\u00e9s contre 6 715 l\u2019ann\u00e9e derni\u00e8re. Ford s\u2019octroie la plus haute marche du podium avec 1 236 v\u00e9hicules utilitaires \u00e9coul\u00e9s durant le premier semestre. Renault prend place sur la deuxi\u00e8me marche du podium gr\u00e2ce \u00e0 ses 1 211 r\u00e9alisations alors que Dacia h\u00e9rite de la troisi\u00e8me place avec 910 VUL vendus.<span class=\"Apple-converted-space\">\u00a0<\/span><\/span><\/p>\n<p class=\"p5\"><span class=\"s1\">Si l\u2019on s\u2019en tient au seul segment des v\u00e9hicules particuliers pour ce premier semestre, le tableau n\u2019est gu\u00e8re r\u00e9jouissant puisque le march\u00e9 totalise une r\u00e9gression de -13, 69 %, Dacia conservant son fauteuil de leader malgr\u00e9 une baisse de -14, 71%, suivi toujours de Renault, en r\u00e9gression de -9,47 %. C\u2019est Peugeot qui demeure toujours en troisi\u00e8me position avec 5 490 v\u00e9hicules immatricul\u00e9s, assortis \u00e0 une croissance de 17,83%. Reste le segment Premium qui demeure une affaire allemande, BMW demeurant en t\u00eate de sa cat\u00e9gorie avec 1334 voitures neuves vendues \u201314,38 %), suivi de Mercedes qui a \u00e9coul\u00e9 1305 v\u00e9hicules depuis le d\u00e9but de la l\u2019ann\u00e9e (-16,67 %) et d\u2019Audi qui affiche 963 unit\u00e9s \u00e9coul\u00e9es (-29,71%).\u00a0<\/span><\/p>\n<div class=\"c17\">\n<fieldset class=\"c16\">\n<legend><strong><span class=\"c11\">Challenge<\/span><span class=\"c12\">news<\/span><\/strong><\/legend>\n<div class=\"c15\">Le meilleur de la r\u00e9daction s\u00e9lectionn\u00e9 par Challenge :<\/p>\n<\/div>\n<\/fieldset>\n<\/div>\n<p>Auteur: David J\u00e9r\u00e9mie<br \/>\n<a href=\"https:\/\/www.challenge.ma\/marche-automobile-la-chute-se-poursuit-112508\/\">Cliquez ici pour lire l&rsquo;article depuis sa source.<\/a><\/p>\n","protected":false},"excerpt":{"rendered":"<p>Les statistiques relatives au march\u00e9 automobile des v\u00e9hicules neufs \u00e0 fin juin, fra\u00eechement d\u00e9voil\u00e9es par l\u2019Association des importateurs de v\u00e9hicules au Maroc (Aivam), ne font que le confirmer : le march\u00e9 dans sa globalit\u00e9 patine toujours. Et l\u2019h\u00e9morragie ne semble pas pr\u00e8s de s\u2019arr\u00eater.\u00a0\u00a0 L\u2019heure n\u2019est gu\u00e8re aux r\u00e9jouissances pour plus de la moiti\u00e9 des [&hellip;]<\/p>\n","protected":false},"author":1787,"featured_media":0,"comment_status":"closed","ping_status":"closed","sticky":false,"template":"","format":"standard","meta":{"fifu_image_url":"","fifu_image_alt":"","footnotes":""},"categories":[78,54],"tags":[],"class_list":["post-45521","post","type-post","status-publish","format-standard","hentry","category-economie","category-maroc"],"_links":{"self":[{"href":"https:\/\/linitiative.ca\/International\/wp-json\/wp\/v2\/posts\/45521","targetHints":{"allow":["GET"]}}],"collection":[{"href":"https:\/\/linitiative.ca\/International\/wp-json\/wp\/v2\/posts"}],"about":[{"href":"https:\/\/linitiative.ca\/International\/wp-json\/wp\/v2\/types\/post"}],"author":[{"embeddable":true,"href":"https:\/\/linitiative.ca\/International\/wp-json\/wp\/v2\/users\/1787"}],"replies":[{"embeddable":true,"href":"https:\/\/linitiative.ca\/International\/wp-json\/wp\/v2\/comments?post=45521"}],"version-history":[{"count":0,"href":"https:\/\/linitiative.ca\/International\/wp-json\/wp\/v2\/posts\/45521\/revisions"}],"wp:attachment":[{"href":"https:\/\/linitiative.ca\/International\/wp-json\/wp\/v2\/media?parent=45521"}],"wp:term":[{"taxonomy":"category","embeddable":true,"href":"https:\/\/linitiative.ca\/International\/wp-json\/wp\/v2\/categories?post=45521"},{"taxonomy":"post_tag","embeddable":true,"href":"https:\/\/linitiative.ca\/International\/wp-json\/wp\/v2\/tags?post=45521"}],"curies":[{"name":"wp","href":"https:\/\/api.w.org\/{rel}","templated":true}]}}