{"id":45526,"date":"2019-07-09T17:40:49","date_gmt":"2019-07-09T21:40:49","guid":{"rendered":"https:\/\/linitiative.ca\/International\/des-etudiants-inities-a-la-creation-dentreprises\/"},"modified":"2019-07-09T17:40:49","modified_gmt":"2019-07-09T21:40:49","slug":"des-etudiants-inities-a-la-creation-dentreprises","status":"publish","type":"post","link":"https:\/\/linitiative.ca\/International\/des-etudiants-inities-a-la-creation-dentreprises\/","title":{"rendered":"Des \u00e9tudiants initi\u00e9s \u00e0 la cr\u00e9ation d\u2019entreprises"},"content":{"rendered":"<div class=\"td-post-featured-image\"><a href=\"https:\/\/i2.wp.com\/www.sidwaya.info\/wp-content\/uploads\/2019\/07\/sidwaya.gif?fit=787%2C590&#038;ssl=1\" data-caption=\"\"><img loading=\"lazy\" decoding=\"async\" width=\"696\" height=\"522\" class=\"entry-thumb td-modal-image\" src=\"https:\/\/i2.wp.com\/www.sidwaya.info\/wp-content\/uploads\/2019\/07\/sidwaya.gif?resize=696%2C522&#038;ssl=1\" alt=\"\" title=\"sidwaya\"\/><\/a><\/div>\n<p><strong>Le minist\u00e8re de la Jeunesse et de la Promotion de l\u2019entrepreneuriat des jeunes, a lanc\u00e9 officiellement, le mardi 9 juillet 2019 \u00e0 Ouagadougou, des sessions de sensibilisation \u00e0 l\u2019entrepreneuriat, au profit des \u00e9tudiants des universit\u00e9s publiques, priv\u00e9es et des grandes \u00e9coles de Ouagadougou.<\/strong><\/p>\n<p>L\u2019Universit\u00e9 Saint Thomas d\u2019Aquin (USTA) de Saaba a accueilli, le mardi 9 juillet 2019, le lancement d\u2019une s\u00e9rie de s\u00e9ances d\u2019animation sur l\u2019entrepreneuriat des jeunes. Ces sessions de sensibilisations ont \u00e9t\u00e9 initi\u00e9es par le minist\u00e8re en charge de la promotion de l\u2019entrepreneuriat des jeunes, au profit des \u00e9tudiants des universit\u00e9s publiques, priv\u00e9es et des grandes \u00e9coles de Ouagadougou. Selon le repr\u00e9sentant du ministre, Salam Ou\u00e9draogo, des donn\u00e9es de l\u2019Enqu\u00eate int\u00e9grale sur les conditions de vie des m\u00e9nages 2009\/2010 de l\u2019Institut national de la statistique et de la d\u00e9mographie (INSD), ont montr\u00e9 que le taux de ch\u00f4mage est de 34,5% chez les jeunes de niveau sup\u00e9rieur contre 17,2% chez les jeunes de niveau secondaire. 11,3% pour ceux de niveau primaire. \u00abSeulement 5,4% des jeunes non instruits sont au ch\u00f4mage. Le ch\u00f4mage est en partie li\u00e9 \u00e0 la faible employabilit\u00e9 des jeunes form\u00e9s dans le syst\u00e8me \u00e9ducatif national\u00bb, a-t-il signifi\u00e9. Et d\u2019ajouter que les jeunes s\u2019inscrivent dans une dynamique de trouver un emploi salari\u00e9 dans la fonction publique ou dans les grandes entreprises. \u00abLa demande additionnelle annuelle ne cesse de cro\u00eetre, alors que les offres de recrutement ne font que d\u00e9cro\u00eetre\u00bb, a regrett\u00e9 M. Ou\u00e9draogo. Face \u00e0 cette situation, il a not\u00e9 que la seule alternative cr\u00e9dible semble \u00eatre la promotion de l\u2019auto-emploi des jeunes. Pour le Directeur g\u00e9n\u00e9ral de la jeunesse et de l\u2019\u00e9ducation permanente (DGJEP), Larba Pilga, il est n\u00e9cessaire d\u2019inculquer cette culture entrepreneuriale aux \u00e9tudiants, pour qu\u2019\u00e0 leur sortie des grandes \u00e9coles, ils puissent \u00eatre eux-m\u00eames\u00a0: \u00abDes solutions aux probl\u00e8mes d\u2019emploi et non des probl\u00e8mes pour l\u2019emploi\u00bb. Ces sessions de formation vont se focaliser sur des communications sous forme de panels, au cours desquels des techniques entrepreneuriales, l\u2019\u00e9laboration d\u2019un plan d\u2019affaires et des sources de financements seront d\u00e9velopp\u00e9es. Le vice-recteur de l\u2019USTA,\u00a0Norbert Niki\u00e9ma a, pour sa part, indiqu\u00e9 que les co\u00fbts \u00e9conomiques et sociaux du ch\u00f4mage et le sous-emploi des jeunes vont sans cesse croissant et compromettent le potentiel de la croissance \u00e9conomique du pays. C\u2019est en ce sens qu\u2019il a appr\u00e9ci\u00e9 cette initiative du minist\u00e8re en charge de la jeunesse, qui, de son avis, inspire son universit\u00e9 et incite celle-ci, \u00e0 r\u00e9fl\u00e9chir \u00e0 la mise en place d\u2019un dispositif interne de stimulation des \u00e9tudiants \u00e0 l\u2019innovation, et \u00e0 l\u2019esprit d\u2019entreprise et d\u2019auto-emploi. De nos jours, il faut que les jeunes s\u2019engagent, avec un esprit d\u2019initiative et le courage de s\u2019auto-employer\u00bb, a-t-il soutenu.<\/p>\n<p>Afs\u00e9tou SAWADOGO<\/p>\n<div class=\"td-a-rec td-a-rec-id-content_bottom td_uid_30_5d265c2f6b3b9_rand td_block_template_1\"><img loading=\"lazy\" decoding=\"async\" class=\"aligncenter size-full wp-image-9623\" src=\"https:\/\/www.sidwaya.info\/wp-content\/uploads\/2019\/06\/Projet-bannie%CC%80re-Orange-mobile.jpg\" alt=\"\" width=\"728\" height=\"81\"\/><\/div>\n<p>Auteur: BM. Sidwaya<br \/>\n<a href=\"https:\/\/www.sidwaya.info\/blog\/2019\/07\/09\/des-etudiants-inities-a-la-creation-dentreprises\/\">Cliquez ici pour lire l&rsquo;article depuis sa source.<\/a><\/p>\n","protected":false},"excerpt":{"rendered":"<p>Le minist\u00e8re de la Jeunesse et de la Promotion de l\u2019entrepreneuriat des jeunes, a lanc\u00e9 officiellement, le mardi 9 juillet 2019 \u00e0 Ouagadougou, des sessions de sensibilisation \u00e0 l\u2019entrepreneuriat, au profit des \u00e9tudiants des universit\u00e9s publiques, priv\u00e9es et des grandes \u00e9coles de Ouagadougou. L\u2019Universit\u00e9 Saint Thomas d\u2019Aquin (USTA) de Saaba a accueilli, le mardi 9 [&hellip;]<\/p>\n","protected":false},"author":1816,"featured_media":0,"comment_status":"closed","ping_status":"closed","sticky":false,"template":"","format":"standard","meta":{"fifu_image_url":"","fifu_image_alt":"","footnotes":""},"categories":[73,81],"tags":[],"class_list":["post-45526","post","type-post","status-publish","format-standard","hentry","category-actualite","category-burkina-faso"],"_links":{"self":[{"href":"https:\/\/linitiative.ca\/International\/wp-json\/wp\/v2\/posts\/45526","targetHints":{"allow":["GET"]}}],"collection":[{"href":"https:\/\/linitiative.ca\/International\/wp-json\/wp\/v2\/posts"}],"about":[{"href":"https:\/\/linitiative.ca\/International\/wp-json\/wp\/v2\/types\/post"}],"author":[{"embeddable":true,"href":"https:\/\/linitiative.ca\/International\/wp-json\/wp\/v2\/users\/1816"}],"replies":[{"embeddable":true,"href":"https:\/\/linitiative.ca\/International\/wp-json\/wp\/v2\/comments?post=45526"}],"version-history":[{"count":0,"href":"https:\/\/linitiative.ca\/International\/wp-json\/wp\/v2\/posts\/45526\/revisions"}],"wp:attachment":[{"href":"https:\/\/linitiative.ca\/International\/wp-json\/wp\/v2\/media?parent=45526"}],"wp:term":[{"taxonomy":"category","embeddable":true,"href":"https:\/\/linitiative.ca\/International\/wp-json\/wp\/v2\/categories?post=45526"},{"taxonomy":"post_tag","embeddable":true,"href":"https:\/\/linitiative.ca\/International\/wp-json\/wp\/v2\/tags?post=45526"}],"curies":[{"name":"wp","href":"https:\/\/api.w.org\/{rel}","templated":true}]}}