{"id":45527,"date":"2019-07-09T17:58:32","date_gmt":"2019-07-09T21:58:32","guid":{"rendered":"https:\/\/linitiative.ca\/International\/22-porteurs-de-projets-recoivent-leurs-attestations\/"},"modified":"2019-07-09T17:58:32","modified_gmt":"2019-07-09T21:58:32","slug":"22-porteurs-de-projets-recoivent-leurs-attestations","status":"publish","type":"post","link":"https:\/\/linitiative.ca\/International\/22-porteurs-de-projets-recoivent-leurs-attestations\/","title":{"rendered":"22 porteurs de projets  re\u00e7oivent  leurs attestations"},"content":{"rendered":"<div class=\"td-post-featured-image\"><a href=\"https:\/\/i1.wp.com\/www.sidwaya.info\/wp-content\/uploads\/2019\/07\/finance-sid.gif?fit=787%2C525&#038;ssl=1\" data-caption=\"\"><img loading=\"lazy\" decoding=\"async\" width=\"696\" height=\"464\" class=\"entry-thumb td-modal-image\" src=\"https:\/\/i1.wp.com\/www.sidwaya.info\/wp-content\/uploads\/2019\/07\/finance-sid.gif?resize=696%2C464&#038;ssl=1\" alt=\"\" title=\"finance-sid\"\/><\/a><\/div>\n<p><strong>Le minist\u00e8re de l\u2019Economie, des Finances et du D\u00e9veloppement a officiellement remis des attestations \u00e0 22 startups de l\u2019\u00e9dition 2018 du programme \u00abBurkina Startup\u00bb et des ch\u00e8ques de subvention \u00e0 deux associations, le mardi 9 juillet 2019, \u00e0 Ouagadougou.<\/strong><\/p>\n<p>Dans le cadre de la seconde session du programme Burkina Startup, 22 projets \u00abinnovants\u00bb ont \u00e9t\u00e9 s\u00e9lectionn\u00e9s et financ\u00e9s \u00e0 hauteur de 924 792 369 F CFA. Les projets \u00e9voluent essentiellement dans les secteurs de l\u2019agrobusiness et du num\u00e9rique. Les laur\u00e9ats ont re\u00e7u leurs attestations des mains du ministre en charge de l\u2019\u00e9conomie, Lassan\u00e9 Kabor\u00e9, au cours d\u2019une c\u00e9r\u00e9monie dans la matin\u00e9e du mardi 9 juillet 2019, \u00e0 Ouagadougou. C\u2019\u00e9tait aussi l\u2019occasion pour l\u2019association Avoh Yatinin Jiji et au groupement Dewral Welltaar\u00e9 de recevoir des ch\u00e8ques de subvention d\u2019une valeur de dix millions francs CFA chacune du Fonds burkinab\u00e8 de d\u00e9veloppement \u00e9conomique et social (FBDES).<br \/>Le porte-parole des b\u00e9n\u00e9ficiaires, Ousmane K\u00e9r\u00e9, au nom des 22 laur\u00e9ats, a remerci\u00e9 le gouvernement pour son engagement \u00e0 faire de l\u2019entrepreneuriat un levier de d\u00e9veloppement \u00e9conomique. Il a, par ailleurs, rassur\u00e9 les donateurs quant \u00e0 une utilisation optimale des fonds mis \u00e0 leur disposition. N\u00e9anmoins, les b\u00e9n\u00e9ficiaires ont \u00e9mis des dol\u00e9ances pour un \u00e9panouissement de leurs entreprises. \u00abLe taux \u00e9lev\u00e9 des taxes de droit de douanes lors de l\u2019importation des \u00e9quipements, le taux des imp\u00f4ts lors de l\u2019exploitation des startups, l\u2019inexistence d\u2019un statut juridique et fiscal propre aux startups et le manque de financement compl\u00e9mentaire\u00a0sont, entre autres, des difficult\u00e9s rencontr\u00e9es par les startups\u00bb, a indiqu\u00e9 M. K\u00e9r\u00e9. En r\u00e9ponse, le ministre Kabor\u00e9 a d\u00e9clar\u00e9 que des instructions ont \u00e9t\u00e9 donn\u00e9es aux directeurs g\u00e9n\u00e9raux du fonds et des imp\u00f4ts pour que des mesures d\u2019accompagnement soient prises afin de soutenir les entreprises. \u00abIl faut accompagner les structures durant les cinq premi\u00e8res ann\u00e9es de leur naissance\u00bb, a-t-il estim\u00e9. Il a, par ailleurs, f\u00e9licit\u00e9 les laur\u00e9ats pour la qualit\u00e9 de leurs projets qui, du reste, r\u00e9pond \u00e0 l\u2019objectif premier du fonds d\u2019accompagner les jeunes entrepreneurs pour qu\u2019ils puissent grandir. Depuis le lancement du programme en 2017, 62 projets ont \u00e9t\u00e9 financ\u00e9s \u00e0 hauteur de plus de 2 milliards francs CFA. Ce qui a permis la cr\u00e9ation de 2075 emplois directs. \u00abC\u2019est bon, mais nous pouvons faire mieux car l\u2019objectif est de financer cent startups par an. Ce ne sont pas les id\u00e9es qui manquent au Burkina Faso. Il y a juste un d\u00e9ficit de communication que nous devons rapidement revoir\u00bb,\u00a0a indiqu\u00e9 le nouveau directeur g\u00e9n\u00e9ral du FBDES, Bruno Compaor\u00e9.<br \/>Lanc\u00e9, le 11 juillet 2017, le programme \u00abBurkina Startup\u00bb qui va jusqu\u2019en 2021, avec un co\u00fbt total de 10 milliards F CFA, ambitionne financer 500 startups sur les cinq ann\u00e9es, soit 100 startups par an. En sus, le programme entend cr\u00e9er 10 000 emplois directs et am\u00e9liorer le taux de viabilit\u00e9 des entreprises financ\u00e9es. \u00abBurkina Startup\u00bb entend \u00e9galement favoriser la naissance et l\u2019\u00e9mergence de Petites et moyennes entreprises (PME) structurantes, innovantes et viables \u00e0 travers un m\u00e9canisme de financement adapt\u00e9 \u00e0 l\u2019auto-emploi.<\/p>\n<p>Arnaud Fid\u00e8le YAMEOGO<br \/>(Stagiaire)<\/p>\n<div class=\"td-a-rec td-a-rec-id-content_bottom td_uid_30_5d265c323771e_rand td_block_template_1\"><img loading=\"lazy\" decoding=\"async\" class=\"aligncenter size-full wp-image-9623\" src=\"https:\/\/www.sidwaya.info\/wp-content\/uploads\/2019\/06\/Projet-bannie%CC%80re-Orange-mobile.jpg\" alt=\"\" width=\"728\" height=\"81\"\/><\/div>\n<p>Auteur: BM. Sidwaya<br \/>\n<a href=\"https:\/\/www.sidwaya.info\/blog\/2019\/07\/09\/22-porteurs-de-projets-recoivent-leurs-attestations\/\">Cliquez ici pour lire l&rsquo;article depuis sa source.<\/a><\/p>\n","protected":false},"excerpt":{"rendered":"<p>Le minist\u00e8re de l\u2019Economie, des Finances et du D\u00e9veloppement a officiellement remis des attestations \u00e0 22 startups de l\u2019\u00e9dition 2018 du programme \u00abBurkina Startup\u00bb et des ch\u00e8ques de subvention \u00e0 deux associations, le mardi 9 juillet 2019, \u00e0 Ouagadougou. Dans le cadre de la seconde session du programme Burkina Startup, 22 projets \u00abinnovants\u00bb ont \u00e9t\u00e9 [&hellip;]<\/p>\n","protected":false},"author":1816,"featured_media":0,"comment_status":"closed","ping_status":"closed","sticky":false,"template":"","format":"standard","meta":{"fifu_image_url":"","fifu_image_alt":"","footnotes":""},"categories":[73,81],"tags":[],"class_list":["post-45527","post","type-post","status-publish","format-standard","hentry","category-actualite","category-burkina-faso"],"_links":{"self":[{"href":"https:\/\/linitiative.ca\/International\/wp-json\/wp\/v2\/posts\/45527","targetHints":{"allow":["GET"]}}],"collection":[{"href":"https:\/\/linitiative.ca\/International\/wp-json\/wp\/v2\/posts"}],"about":[{"href":"https:\/\/linitiative.ca\/International\/wp-json\/wp\/v2\/types\/post"}],"author":[{"embeddable":true,"href":"https:\/\/linitiative.ca\/International\/wp-json\/wp\/v2\/users\/1816"}],"replies":[{"embeddable":true,"href":"https:\/\/linitiative.ca\/International\/wp-json\/wp\/v2\/comments?post=45527"}],"version-history":[{"count":0,"href":"https:\/\/linitiative.ca\/International\/wp-json\/wp\/v2\/posts\/45527\/revisions"}],"wp:attachment":[{"href":"https:\/\/linitiative.ca\/International\/wp-json\/wp\/v2\/media?parent=45527"}],"wp:term":[{"taxonomy":"category","embeddable":true,"href":"https:\/\/linitiative.ca\/International\/wp-json\/wp\/v2\/categories?post=45527"},{"taxonomy":"post_tag","embeddable":true,"href":"https:\/\/linitiative.ca\/International\/wp-json\/wp\/v2\/tags?post=45527"}],"curies":[{"name":"wp","href":"https:\/\/api.w.org\/{rel}","templated":true}]}}