{"id":45528,"date":"2019-07-09T18:09:01","date_gmt":"2019-07-09T22:09:01","guid":{"rendered":"https:\/\/linitiative.ca\/International\/ethiopie-erythree-rien-nest-encore-perdu\/"},"modified":"2019-07-09T18:09:01","modified_gmt":"2019-07-09T22:09:01","slug":"ethiopie-erythree-rien-nest-encore-perdu","status":"publish","type":"post","link":"https:\/\/linitiative.ca\/International\/ethiopie-erythree-rien-nest-encore-perdu\/","title":{"rendered":"Ethiopie-Erythr\u00e9e : rien n\u2019est encore perdu !"},"content":{"rendered":"<div class=\"td-post-featured-image\"><a href=\"https:\/\/i2.wp.com\/www.sidwaya.info\/wp-content\/uploads\/2019\/07\/mercuresi10.gif?fit=395%2C147&#038;ssl=1\" data-caption=\"\"><img loading=\"lazy\" decoding=\"async\" width=\"395\" height=\"147\" class=\"entry-thumb td-modal-image\" src=\"https:\/\/i2.wp.com\/www.sidwaya.info\/wp-content\/uploads\/2019\/07\/mercuresi10.gif?resize=395%2C147&#038;ssl=1\" alt=\"\" title=\"mercuresi10\"\/><\/a><\/div>\n<p>Cela fait un an, que les fr\u00e8res ennemis de la corne de l\u2019Afrique l\u2019Erythr\u00e9e et l\u2019Ethiopie ont enterr\u00e9 la hache de guerre. Ils ont ficel\u00e9 un accord de paix, le 9 juin 2019, pour tourner d\u00e9finitivement la page noire qui a entach\u00e9 l\u2019histoire politique de ces deux pays. L\u2019on se souvient de ces deux d\u00e9cennies d\u2019hostilit\u00e9, marqu\u00e9es par une guerre sanglante (1998-2000), qui a eu pour cons\u00e9quence des milliers de morts de part et d\u2019autre. Pour les populations et les dirigeants des deux pays, cette nouvelle \u00e8re suscite donc de l\u2019espoir. En Ethiopie, l\u2019apaisement se faisait sentir d\u00e9j\u00e0. C\u2019\u00e9tait avec enthousiasme que le Premier ministre \u00e9thiopien, Abiy Ahmed, avait fait campagne, l\u2019an dernier, au sujet de la restauration de la paix. De nombreuses actions, sur le plan int\u00e9rieur, ont \u00e9t\u00e9 pos\u00e9es dans ce sens. Le pays d\u2019Hail\u00e9 S\u00e9lassi\u00e9 a proc\u00e9d\u00e9 \u00e0 la lib\u00e9ration des d\u00e9tenus politiques. Des appels au dialogue et au renoncement de l\u2019usage des armes ont \u00e9t\u00e9 \u00e9galement lanc\u00e9s. Le nouveau bol d\u2019air s\u2019est aussi manifest\u00e9 par des rencontres bilat\u00e9rales en grande pompe, la r\u00e9ouverture des ambassades et de plusieurs postes-fronti\u00e8res et le r\u00e9tablissement du pont a\u00e9rien entre Asmara et Addis-Abeba. Un an apr\u00e8s la signature des accords, force est de constater, que de nombreux chantiers restent en suspens. La d\u00e9limitation de la fronti\u00e8re entre les deux Etats n\u2019est toujours pas conforme au trac\u00e9 d\u00e9termin\u00e9 en 2002 par la Cour d\u2019arbitrage internationale de la Haye \u2013 trac\u00e9 selon lequel la r\u00e9gion contest\u00e9e de Badm\u00e9 revient \u00e0 l\u2019Erythr\u00e9e. Quant \u00e0 l\u2019acc\u00e8s de l\u2019Ethiopie aux ports \u00e9rythr\u00e9ens, ce n\u2019est qu\u2019un projet pour l\u2019instant. Le fait que le pr\u00e9sident \u00e9rythr\u00e9en, Isaias Afwerki, s\u2019est engag\u00e9 dans un processus, dont il est l\u2019unique acteur, est mal per\u00e7u par certains experts. Surtout que son voisin a emprunt\u00e9, dans la m\u00eame dynamique, les canaux constitutionnels apr\u00e8s avoir obtenu l\u2019aval du Parlement. Les sp\u00e9cialistes craignent, que les d\u00e9cisions qui d\u00e9couleront de la d\u00e9marche en solo d\u2019Afwerki n\u2019engagent le peuple \u00e9rythr\u00e9en. Au niveau politique, un \u00e9l\u00e9ment peut aussi expliquer que la paix soit aujourd\u2019hui en souffrance. Il s\u2019agit des profondes divergences de vues en \u00c9thiopie et la pr\u00e9cipitation des \u00e9v\u00e9nements dans ce pays. Les visites de part et d\u2019autre des dirigeants des deux pays ont cess\u00e9 depuis quelques temps. Pendant ce temps, le conseiller et bras droit du chef de l\u2019\u00c9tat \u00e9rythr\u00e9en, Yemane Gebreab, a affirm\u00e9 que le Premier ministre \u00e9thiopien n\u2019avait pas la situation en main. Cette d\u00e9claration est per\u00e7ue comme une v\u00e9ritable fl\u00e8che d\u00e9coch\u00e9e, c\u00f4t\u00e9 \u00e9rythr\u00e9en sur le processus de paix. Les nuages semblent encore sombres, concernant la r\u00e9conciliation entre les deux pays, mais l\u2019espoir est encore permis. Rien n\u2019est encore perdu ! En mati\u00e8re de r\u00e9conciliation, il y a des hauts et des bas. Une autocritique au niveau des deux parties peut faire avancer le processus, pourvu que de vraies concessions soient faites. Il reste \u00e0 souhaiter un apaisement des c\u0153urs, afin que l\u2019accord ne vole pas en \u00e9clats.<\/p>\n<p>Abdoulaye BALBONE<\/p>\n<div class=\"td-a-rec td-a-rec-id-content_bottom td_uid_30_5d265c34ecf16_rand td_block_template_1\"><img loading=\"lazy\" decoding=\"async\" class=\"aligncenter size-full wp-image-9623\" src=\"https:\/\/www.sidwaya.info\/wp-content\/uploads\/2019\/06\/Projet-bannie%CC%80re-Orange-mobile.jpg\" alt=\"\" width=\"728\" height=\"81\"\/><\/div>\n<p>Auteur: BM. Sidwaya<br \/>\n<a href=\"https:\/\/www.sidwaya.info\/blog\/2019\/07\/09\/ethiopie-erythree-rien-nest-encore-perdu\/\">Cliquez ici pour lire l&rsquo;article depuis sa source.<\/a><\/p>\n","protected":false},"excerpt":{"rendered":"<p>Cela fait un an, que les fr\u00e8res ennemis de la corne de l\u2019Afrique l\u2019Erythr\u00e9e et l\u2019Ethiopie ont enterr\u00e9 la hache de guerre. Ils ont ficel\u00e9 un accord de paix, le 9 juin 2019, pour tourner d\u00e9finitivement la page noire qui a entach\u00e9 l\u2019histoire politique de ces deux pays. L\u2019on se souvient de ces deux d\u00e9cennies [&hellip;]<\/p>\n","protected":false},"author":1816,"featured_media":0,"comment_status":"closed","ping_status":"closed","sticky":false,"template":"","format":"standard","meta":{"fifu_image_url":"","fifu_image_alt":"","footnotes":""},"categories":[73,81],"tags":[],"class_list":["post-45528","post","type-post","status-publish","format-standard","hentry","category-actualite","category-burkina-faso"],"_links":{"self":[{"href":"https:\/\/linitiative.ca\/International\/wp-json\/wp\/v2\/posts\/45528","targetHints":{"allow":["GET"]}}],"collection":[{"href":"https:\/\/linitiative.ca\/International\/wp-json\/wp\/v2\/posts"}],"about":[{"href":"https:\/\/linitiative.ca\/International\/wp-json\/wp\/v2\/types\/post"}],"author":[{"embeddable":true,"href":"https:\/\/linitiative.ca\/International\/wp-json\/wp\/v2\/users\/1816"}],"replies":[{"embeddable":true,"href":"https:\/\/linitiative.ca\/International\/wp-json\/wp\/v2\/comments?post=45528"}],"version-history":[{"count":0,"href":"https:\/\/linitiative.ca\/International\/wp-json\/wp\/v2\/posts\/45528\/revisions"}],"wp:attachment":[{"href":"https:\/\/linitiative.ca\/International\/wp-json\/wp\/v2\/media?parent=45528"}],"wp:term":[{"taxonomy":"category","embeddable":true,"href":"https:\/\/linitiative.ca\/International\/wp-json\/wp\/v2\/categories?post=45528"},{"taxonomy":"post_tag","embeddable":true,"href":"https:\/\/linitiative.ca\/International\/wp-json\/wp\/v2\/tags?post=45528"}],"curies":[{"name":"wp","href":"https:\/\/api.w.org\/{rel}","templated":true}]}}