{"id":45559,"date":"2019-07-11T09:06:23","date_gmt":"2019-07-11T13:06:23","guid":{"rendered":"https:\/\/linitiative.ca\/International\/perspectives-economiques-du-hcp-une-croissance-de-34-attendue-en-2020\/"},"modified":"2019-07-11T09:06:23","modified_gmt":"2019-07-11T13:06:23","slug":"perspectives-economiques-du-hcp-une-croissance-de-34-attendue-en-2020","status":"publish","type":"post","link":"https:\/\/linitiative.ca\/International\/perspectives-economiques-du-hcp-une-croissance-de-34-attendue-en-2020\/","title":{"rendered":"Perspectives \u00e9conomiques du HCP : Une croissance de 3,4% attendue en 2020"},"content":{"rendered":"<p><img decoding=\"async\" class=\"post_layout_5_img\" src=\"http:\/\/aujourdhui.ma\/wp-content\/uploads\/2019\/07\/hcp-Lahlimi.jpg?x29840\" alt=\"Perspectives \u00e9conomiques du HCP : Une croissance de 3,4% attendue en 2020\"\/><\/p>\n<p class=\"p1\"><span class=\"c4\"><em><strong>Les activit\u00e9s primaires<span class=\"Apple-converted-space\">\u00a0<\/span> devraient grimper de 4,6% contre une baisse de 2,1% attendue en 2019. Le secteur non agricole s\u2019am\u00e9liorerait pour sa part de 3,1%, soit au m\u00eame rythme qu\u2019en 2019.<\/strong><\/em><\/span> <span id=\"more-314816\"\/><\/p>\n<p class=\"p1\"><span class=\"s1\"><em>\u00abLes perspectives d\u2019\u00e9volution de l\u2019\u00e9conomie nationale confirment davantage la tendance baissi\u00e8re et moins volatile du rythme de la croissance\u00bb.<\/em> Ce constat a \u00e9t\u00e9 fait par Ahmed Lahlimi, haut-commissaire au Plan, lors d\u2019une conf\u00e9rence de presse tenue, mardi 9 juillet, \u00e0 Casablanca pour la pr\u00e9sentation de la situation \u00e9conomique 2019 et les perspectives 2020. L\u2019occasion de r\u00e9viser les pr\u00e9visions de la croissance \u00e9conomique nationale en 2019 et de donner un avant-go\u00fbt sur l\u2019\u00e9volution pr\u00e9visionnelle du prochain exercice. Parmi les conclusions tir\u00e9es lors de cette rencontre, on rel\u00e8ve la difficult\u00e9 du secteur industriel \u00e0 consolider ses parts dans le PIB et \u00e0 enregistrer des valeurs ajout\u00e9es stables. A cela s\u2019ajoute la fragile contribution de la demande ext\u00e9rieure nette \u00e0 la croissance \u00e9conomique, et ce compte tenu du gap structurel existant entre le niveau des exportations et les importations. \u00ab<em>Les accords de libre-\u00e9change bilat\u00e9raux demeurent incapables de r\u00e9aliser les objectifs escompt\u00e9s. Cette situation renvoie sur le caract\u00e8re d\u00e9ficitaire des accords commerciaux, dont l\u2019effet reste important sur la balance ext\u00e9rieure et sur les recettes douani\u00e8res\u00bb<\/em>, rel\u00e8ve-t-on du haut-commissaire au Plan qui souligne dans ce sens la n\u00e9cessit\u00e9 d\u2019am\u00e9liorer la comp\u00e9titivit\u00e9 des produits locaux et de leur commercialisation.<\/span><\/p>\n<p class=\"p1\"><span class=\"s1\">En d\u00e9pit des difficult\u00e9s conjoncturelles, l\u2019\u00e9conomie marocaine devrait reprendre des couleurs en 2020. Le Produit int\u00e9rieur brut (PIB) devrait enregistrer une croissance de 3,4% contre 2,7% pr\u00e9vue pour 2019.<\/span><\/p>\n<p class=\"p1\"><span class=\"s1\">Des anticipations formul\u00e9es par le HCP sur la base d\u2019une production c\u00e9r\u00e9ali\u00e8re moyenne durant la campagne agricole 2019-2020 et la reconduction durant 2020 de la politique budg\u00e9taire de l\u2019\u00c9tat mise en vigueur en 2019. Les premi\u00e8res pr\u00e9visions partag\u00e9es lors de cette rencontre portent sur une l\u00e9g\u00e8re reprise des activit\u00e9s primaires. Ces derni\u00e8res devraient grimper de 4,6% contre une baisse de 2,1% attendue en 2019. Le secteur non agricole s\u2019am\u00e9liorerait pour sa part de 3,1%, soit au m\u00eame rythme qu\u2019en 2019. Le m\u00eame taux de croissance devrait \u00eatre enregistr\u00e9 au niveau du secteur secondaire. Le secteur tertiaire devrait pour sa part maintenir le m\u00eame rythme emprunt\u00e9 en 2019 affichant ainsi une croissance de 3%. Les principaux agr\u00e9gats de l\u2019\u00e9conomie marocaine devraient par ailleurs conna\u00eetre un all\u00e8gement. \u00ab<em>L\u2019\u00e9volution pr\u00e9vue des finances publiques suppose le raffermissement des recettes fiscales suite aux recommandations issues des Assises fiscales et la hausse des d\u00e9penses de fonctionnement en liaison avec la mise en \u0153uvre de la deuxi\u00e8me tranche des valorisations de la masse salariale<\/em>\u00bb, peut-on relever du Haut-Commissariat au Plan.<\/span><\/p>\n<p class=\"p1\"><span class=\"s1\">Les pr\u00e9visions tablent sur un d\u00e9ficit budg\u00e9taire de 3,5% du PIB en 2020 contre 3,6% en 2019. De m\u00eame, le taux d\u2019endettement du Tr\u00e9sor devrait s\u2019all\u00e9ger pour atteindre pr\u00e8s de 64,8% du PIB au lieu de 65,3% en 2019. Ainsi, la dette publique globale conna\u00eetrait une l\u00e9g\u00e8re baisse se situant \u00e0 80,7% du PIB contre 81,3% du PIB estim\u00e9e pour 2019. Le Haut-Commissariat au Plan table par ailleurs sur une contribution n\u00e9gative de la demande ext\u00e9rieure \u00e0 la croissance en 2020 au moment o\u00f9 la demande int\u00e9rieure devrait raffermir son rythme de croissance \u00e0 3,2% contribuant ainsi de 3,5 points \u00e0 la croissance \u00e9conomique en 2020 contre 3,1 points pr\u00e9vus pour cette ann\u00e9e.<\/span><\/p>\n<p>Auteur: Kawtar Tali<br \/>\n<a href=\"http:\/\/aujourdhui.ma\/economie\/perspectives-economiques-du-hcp-une-croissance-de-34-attendue-en-2020\">Cliquez ici pour lire l&rsquo;article depuis sa source.<\/a><\/p>\n","protected":false},"excerpt":{"rendered":"<p>Les activit\u00e9s primaires\u00a0 devraient grimper de 4,6% contre une baisse de 2,1% attendue en 2019. Le secteur non agricole s\u2019am\u00e9liorerait pour sa part de 3,1%, soit au m\u00eame rythme qu\u2019en 2019. \u00abLes perspectives d\u2019\u00e9volution de l\u2019\u00e9conomie nationale confirment davantage la tendance baissi\u00e8re et moins volatile du rythme de la croissance\u00bb. Ce constat a \u00e9t\u00e9 fait [&hellip;]<\/p>\n","protected":false},"author":1759,"featured_media":0,"comment_status":"closed","ping_status":"closed","sticky":false,"template":"","format":"standard","meta":{"fifu_image_url":"","fifu_image_alt":"","footnotes":""},"categories":[73,54],"tags":[],"class_list":["post-45559","post","type-post","status-publish","format-standard","hentry","category-actualite","category-maroc"],"_links":{"self":[{"href":"https:\/\/linitiative.ca\/International\/wp-json\/wp\/v2\/posts\/45559","targetHints":{"allow":["GET"]}}],"collection":[{"href":"https:\/\/linitiative.ca\/International\/wp-json\/wp\/v2\/posts"}],"about":[{"href":"https:\/\/linitiative.ca\/International\/wp-json\/wp\/v2\/types\/post"}],"author":[{"embeddable":true,"href":"https:\/\/linitiative.ca\/International\/wp-json\/wp\/v2\/users\/1759"}],"replies":[{"embeddable":true,"href":"https:\/\/linitiative.ca\/International\/wp-json\/wp\/v2\/comments?post=45559"}],"version-history":[{"count":0,"href":"https:\/\/linitiative.ca\/International\/wp-json\/wp\/v2\/posts\/45559\/revisions"}],"wp:attachment":[{"href":"https:\/\/linitiative.ca\/International\/wp-json\/wp\/v2\/media?parent=45559"}],"wp:term":[{"taxonomy":"category","embeddable":true,"href":"https:\/\/linitiative.ca\/International\/wp-json\/wp\/v2\/categories?post=45559"},{"taxonomy":"post_tag","embeddable":true,"href":"https:\/\/linitiative.ca\/International\/wp-json\/wp\/v2\/tags?post=45559"}],"curies":[{"name":"wp","href":"https:\/\/api.w.org\/{rel}","templated":true}]}}