{"id":45560,"date":"2019-07-11T09:26:18","date_gmt":"2019-07-11T13:26:18","guid":{"rendered":"https:\/\/linitiative.ca\/International\/la-tutelle-organise-les-premieres-assises-sur-les-industries-creatives-et-culturelles-en-octobre-vers-lelaboration-dun-modele-purement-marocain\/"},"modified":"2019-07-11T09:26:18","modified_gmt":"2019-07-11T13:26:18","slug":"la-tutelle-organise-les-premieres-assises-sur-les-industries-creatives-et-culturelles-en-octobre-vers-lelaboration-dun-modele-purement-marocain","status":"publish","type":"post","link":"https:\/\/linitiative.ca\/International\/la-tutelle-organise-les-premieres-assises-sur-les-industries-creatives-et-culturelles-en-octobre-vers-lelaboration-dun-modele-purement-marocain\/","title":{"rendered":"La tutelle organise les premi\u00e8res Assises sur \u00ables industries cr\u00e9atives  et culturelles\u00bb en octobre  : Vers l\u2019\u00e9laboration d\u2019un mod\u00e8le purement marocain"},"content":{"rendered":"<p><img decoding=\"async\" class=\"post_layout_5_img\" src=\"http:\/\/aujourdhui.ma\/wp-content\/uploads\/2019\/07\/Assises-sur-les-industries-cre%CC%81atives-et-culturelles-Cinema-Livre-Exposition.jpg?x29840\" alt=\"La tutelle organise les premi\u00e8res Assises sur \u00ables industries cr\u00e9atives et culturelles\u00bb en octobre : Vers l\u2019\u00e9laboration d\u2019un mod\u00e8le purement marocain\"\/><\/p>\n<p class=\"p1\"><span class=\"s1\"><span class=\"c4\"><strong>La rentr\u00e9e du minist\u00e8re de la culture et de la communication et devait \u00eatre tr\u00e8s charg\u00e9e. Entre autres \u00e0 cause de l\u2019organisation des premi\u00e8res Assises sur \u00abLes industries cr\u00e9atives et culturelles\u00bb en octobre \u00e0 Rabat.<\/strong><\/span><\/span> <span id=\"more-314822\"\/><\/p>\n<p class=\"p1\"><span class=\"s1\">Un \u00e9v\u00e9nement qui constitue une occasion pour approfondir le d\u00e9bat sur diverses questions li\u00e9es \u00e0 ces domaines. Lors d\u2019une table ronde pr\u00e9paratoire de ces Assises organis\u00e9e r\u00e9cemment \u00e0 Rabat, le ministre Mohamed Laaraj a relev\u00e9 que son d\u00e9partement a adopt\u00e9 <em>\u00abune approche fond\u00e9e sur la communication positive avec l\u2019ensemble des acteurs concern\u00e9s par la production artistique et cr\u00e9ative dans toutes ses \u00e9tapes, dans le cadre de cette manifestation\u00bb.<\/em> Dans ce sens, il consid\u00e8re que les recommandations g\u00e9n\u00e9r\u00e9es de ces premi\u00e8res Assises nationales sont de nature \u00e0 contribuer \u00e0 <em>\u00abl\u2019\u00e9laboration d\u2019un mod\u00e8le purement marocain des industries culturelles et ce, en parfaite harmonie avec les composantes de notre identit\u00e9, nos cultures et l\u2019authenticit\u00e9 de nos valeurs\u00bb.<\/em> Qu\u2019entend-on par industries culturelles et cr\u00e9atives ? Quels sont leurs bienfaits ? D\u00e9tails.<\/span><\/p>\n<p class=\"p1\"><span class=\"s1\">Dans les ann\u00e9es quatre-vingt-dix, le concept d\u2019industries cr\u00e9atives voit le jour en Australie puis se d\u00e9veloppe au Royaume-Uni. Ces industries ont \u00e9t\u00e9 d\u00e9finies comme <em>\u00abtoute industrie qui a pour origine la cr\u00e9ativit\u00e9 individuelle, l\u2019habilet\u00e9 et le talent et qui a le potentiel de produire de la richesse et de l\u2019emploi \u00e0 travers la cr\u00e9ation et l\u2019exploitation de la propri\u00e9t\u00e9 intellectuelle\u00bb<\/em>. En effet, le terme \u00abindustries culturelles\u00bb, selon l\u2019Unesco, regroupe des <em>\u00abindustries relatives \u00e0 la fois \u00e0 la cr\u00e9ation, \u00e0 la production et \u00e0 la commercialisation de contenus cr\u00e9atifs de nature culturelle et immat\u00e9rielle. Elles incluent l\u2019\u00e9dition imprim\u00e9e et le multim\u00e9dia, la production cin\u00e9matographique audiovisuelle et phonographique, ainsi que l\u2019artisanat et le design. En compl\u00e9ment, le terme \u00abindustries cr\u00e9atives\u00bb<\/em> <em>fait r\u00e9f\u00e9rence \u00e0 un ensemble beaucoup plus large d\u2019activit\u00e9s, qui en plus des industries culturelles, comprend toutes les activit\u00e9s de production culturelle ou artistique<\/em>\u00bb.<\/span><\/p>\n<p class=\"p3\"><span class=\"s1\"><strong>Un g\u00e9n\u00e9rateur de richesse<\/strong><\/span><\/p>\n<p class=\"p1\"><span class=\"s1\">L<\/span><span class=\"s2\">\u2019industrie culturelle et cr\u00e9ative nationale s\u2019inscrit ainsi comme un v\u00e9ritable secteur \u00e9conomique et g\u00e9n\u00e9rateur de richesse, derri\u00e8re lequel se tiennent des m\u00e9tiers, une \u00e9conomie, et un potentiel de croissance. Cela est d\u00e9montr\u00e9 gr\u00e2ce \u00e0 une \u00e9tude r\u00e9alis\u00e9e en 2016 par le minist\u00e8re de l\u2019\u00e9conomie et des finances. Les conclusions ont d\u00e9montr\u00e9 l\u2019immense potentiel des industries culturelles en termes de croissance, d\u2019emploi, d\u2019inclusion territoriale, et d\u2019\u00e9changes de biens et de services. En effet, l\u2019\u00e9tude a montr\u00e9 que <em>\u00ables \u00e9tablissements industriels marocains op\u00e9rant dans les activit\u00e9s ayant trait \u00e0 l\u2019\u00e9conomie cr\u00e9ative tels que l\u2019artisanat, audiovisuel, cr\u00e9ation, design, m\u00e9dias, \u00e9dition et publication r\u00e9alisent un chiffre d\u2019affaires de 17,2 milliards de dirhams, soit 5% du chiffre d\u2019affaires total des industries de transformation\u00bb.<\/em> Par ailleurs, les industries cr\u00e9atives emploient un effectif permanent de 38.953 personnes, soit 7% de l\u2019emploi permanent total des industries de transformation et ce, en baisse moyenne de 1% depuis 2000 contre +1,7% pour les industries de transformation globalement.<\/span><\/p>\n<p class=\"p4\"><span class=\"s1\"><strong>Un levier de d\u00e9veloppement durable<\/strong><\/span><\/p>\n<p class=\"p1\">Outre leurs bienfaits \u00e9conomiques, les industries culturelles peuvent \u00eatre la cible majeure de politiques visant un d\u00e9veloppement durable sur le plan \u00e9conomique et culturel.<span class=\"Apple-converted-space\">\u00a0<\/span> Dans son dernier rapport \u00abRepenser les politiques culturelles\u00bb, l\u2019Unesco a appel\u00e9 \u00e0 int\u00e9grer la culture dans le d\u00e9veloppement durable. <em>\u00abL\u2019impact environnemental de la production culturelle et de la pratique artistique elle-m\u00eame n\u2019est pas suffisamment pris en compte par plusieurs pays. Il est toutefois important de remarquer que les autorit\u00e9s municipales s\u2019engagent dans de nouvelles directions \u00e0 ce sujet : des villes du monde entier \u00e9tudient des moyens innovants de favoriser le d\u00e9veloppement durable par le biais des industries culturelles et cr\u00e9atives\u00bb.<\/em><\/p>\n<p class=\"p3\"><span class=\"s1\"><strong>Un cr\u00e9neau \u00e0 exploiter<\/strong><\/span><\/p>\n<p class=\"p1\">Nul ne contesterait la place essentielle qu\u2019occupent, aujourd\u2019hui, les industries culturelles dans notre espace mondial. Il est alors n\u00e9cessaire de tenter d\u2019en comprendre les enjeux et d\u2019en assumer les d\u00e9fis. Il faut des politiques publiques fortes, abordant les nouveaux d\u00e9fis pos\u00e9s par le num\u00e9rique et valorisant les comp\u00e9tences et les ressources. Faire que les cr\u00e9ateurs puissent se consacrer \u00e0 l\u2019acte de cr\u00e9ation.<\/p>\n<div class=\"base-box mom_box_sc_custom mom_box_sc clear c7\" readability=\"20\">\n<p class=\"p1\"><span class=\"c6\"><span class=\"c5\"><strong>Le minist\u00e8re et la FICC s\u2019allient\u00a0<\/strong><\/span><strong><span class=\"c5\">pour le rayonnement culturel du Maroc<\/span><\/strong><\/span><\/p>\n<p class=\"p1\">Une convention de partenariat a \u00e9t\u00e9 sign\u00e9e, \u00e0 Rabat, entre le minist\u00e8re de la culture et de la communication et la F\u00e9d\u00e9ration des industries culturelles et cr\u00e9atives (FICC) afin d\u2019\u00e9laborer une vision pour la promotion du rayonnement culturel du Royaume \u00e0 l\u2019\u00e9chelle nationale et internationale. Ce partenariat vise \u00e0 favoriser une coop\u00e9ration accrue entre le minist\u00e8re et la FICC en vue de mettre en place des approches propres \u00e0 stimuler le rayonnement du Maroc par le biais d\u2019actions centr\u00e9es sur la valorisation et le d\u00e9veloppement de son capital culturel mat\u00e9riel et immat\u00e9riel. Sign\u00e9e par le ministre de la culture, Mohamed Laaraj, et la pr\u00e9sidente de la f\u00e9d\u00e9ration, Neila Tazi, la convention permettra aux deux parties d\u2019agir pour la mobilisation et l\u2019int\u00e9gration effective de tous les acteurs culturels des diff\u00e9rentes r\u00e9gions du Royaume, avec un accent particulier sur la formation des jeunes dans les m\u00e9tiers culturels et artistiques. Elle porte aussi sur l\u2019organisation prochaine des premi\u00e8res Assises nationales sur les industries culturelles et le d\u00e9veloppement de la cr\u00e9ation, ainsi que sur les m\u00e9canismes d\u2019\u00e9tablissement d\u2019un partenariat solide et durable entre les secteurs public et priv\u00e9.<\/p>\n<\/div>\n<p>Auteur: Siham Jadraoui<br \/>\n<a href=\"http:\/\/aujourdhui.ma\/culture\/la-tutelle-organise-les-premieres-assises-sur-les-industries-creatives-et-culturelles-en-octobre-vers-lelaboration-dun-modele-purement-marocain\">Cliquez ici pour lire l&rsquo;article depuis sa source.<\/a><\/p>\n","protected":false},"excerpt":{"rendered":"<p>La rentr\u00e9e du minist\u00e8re de la culture et de la communication et devait \u00eatre tr\u00e8s charg\u00e9e. Entre autres \u00e0 cause de l\u2019organisation des premi\u00e8res Assises sur \u00abLes industries cr\u00e9atives et culturelles\u00bb en octobre \u00e0 Rabat. Un \u00e9v\u00e9nement qui constitue une occasion pour approfondir le d\u00e9bat sur diverses questions li\u00e9es \u00e0 ces domaines. Lors d\u2019une table [&hellip;]<\/p>\n","protected":false},"author":1759,"featured_media":0,"comment_status":"closed","ping_status":"closed","sticky":false,"template":"","format":"standard","meta":{"fifu_image_url":"","fifu_image_alt":"","footnotes":""},"categories":[73,54],"tags":[],"class_list":["post-45560","post","type-post","status-publish","format-standard","hentry","category-actualite","category-maroc"],"_links":{"self":[{"href":"https:\/\/linitiative.ca\/International\/wp-json\/wp\/v2\/posts\/45560","targetHints":{"allow":["GET"]}}],"collection":[{"href":"https:\/\/linitiative.ca\/International\/wp-json\/wp\/v2\/posts"}],"about":[{"href":"https:\/\/linitiative.ca\/International\/wp-json\/wp\/v2\/types\/post"}],"author":[{"embeddable":true,"href":"https:\/\/linitiative.ca\/International\/wp-json\/wp\/v2\/users\/1759"}],"replies":[{"embeddable":true,"href":"https:\/\/linitiative.ca\/International\/wp-json\/wp\/v2\/comments?post=45560"}],"version-history":[{"count":0,"href":"https:\/\/linitiative.ca\/International\/wp-json\/wp\/v2\/posts\/45560\/revisions"}],"wp:attachment":[{"href":"https:\/\/linitiative.ca\/International\/wp-json\/wp\/v2\/media?parent=45560"}],"wp:term":[{"taxonomy":"category","embeddable":true,"href":"https:\/\/linitiative.ca\/International\/wp-json\/wp\/v2\/categories?post=45560"},{"taxonomy":"post_tag","embeddable":true,"href":"https:\/\/linitiative.ca\/International\/wp-json\/wp\/v2\/tags?post=45560"}],"curies":[{"name":"wp","href":"https:\/\/api.w.org\/{rel}","templated":true}]}}