{"id":45561,"date":"2019-07-11T09:29:58","date_gmt":"2019-07-11T13:29:58","guid":{"rendered":"https:\/\/linitiative.ca\/International\/mehdi-lougraida-nous-sommes-en-train-de-creer-une-classe-de-direction-dorchestre-au-maroc\/"},"modified":"2019-07-11T09:29:58","modified_gmt":"2019-07-11T13:29:58","slug":"mehdi-lougraida-nous-sommes-en-train-de-creer-une-classe-de-direction-dorchestre-au-maroc","status":"publish","type":"post","link":"https:\/\/linitiative.ca\/International\/mehdi-lougraida-nous-sommes-en-train-de-creer-une-classe-de-direction-dorchestre-au-maroc\/","title":{"rendered":"Mehdi Lougra\u00efda : \u00abNous sommes en train de cr\u00e9er une classe de direction d\u2019orchestre  au Maroc\u00bb"},"content":{"rendered":"<p><img decoding=\"async\" class=\"post_layout_5_img\" src=\"http:\/\/aujourdhui.ma\/wp-content\/uploads\/2019\/07\/Mehdi-Lougrai%CC%88da-Chef-d%E2%80%99orchestre-franco-marocain-.jpg?x29840\" alt=\"Mehdi Lougra\u00efda : \u00abNous sommes en train de cr\u00e9er une classe de direction d\u2019orchestre au Maroc\u00bb\"\/><\/p>\n<p class=\"p1\"><strong>Entretien\u00a0avec Mehdi Lougra\u00efda, c<span class=\"s1\">hef d\u2019orchestre franco-marocain<\/span><\/strong><span id=\"more-314826\"\/><\/p>\n<div class=\"base-box mom_box_sc_custom mom_box_sc clear c4\" readability=\"8\">\n<p class=\"p1\"><em><strong>Mehdi Lougra\u00efda vient d\u2019animer une master class de direction d\u2019orchestre \u00e0 Rabat. Il parle de ses particularit\u00e9s et des perspectives de ce m\u00e9tier au Maroc.<\/strong><\/em><\/p>\n<\/div>\n<p class=\"p1\"><span class=\"s1\"><strong>ALM : Qu\u2019est-ce qui fait le caract\u00e8re unique de la master class que vous venez d\u2019animer \u00e0 Rabat ?<\/strong><\/span><\/p>\n<p class=\"p1\"><span class=\"s1\"><strong>Mehdi Lougra\u00efda :<\/strong> C\u2019est la premi\u00e8re fois qu\u2019au Royaume du Maroc une master class de direction d\u2019orchestre est organis\u00e9e. Sur invitation de Samir Tamim, directeur au conservatoire national de musique et d\u2019art chor\u00e9graphique de Rabat, nous avons imagin\u00e9 de mettre en place un stage sur une semaine, destin\u00e9 \u00e0 tous les Marocains d\u00e9sirant apprendre et progresser dans la direction d\u2019orchestre. Nous avons eu beaucoup de participants (une trentaine dont 10 femmes). Nous avons travaill\u00e9 avec l\u2019orchestre du conservatoire ainsi que des musiciens professionnels issus de l\u2019Orchestre philharmonique du Maroc, de l\u2019Orchestre symphonique royal, mais \u00e9galement des orchestres militaires comme celui de la gendarmerie et de la garde royales. Ce m\u00e9lange a permis d\u2019obtenir un orchestre d\u2019une grande qualit\u00e9 et d\u2019\u00eatre au service des jeunes chefs d\u2019orchestre. Je remercie par l\u2019occasion la Fondation Hassan II qui nous suit sur ce projet ainsi que tous les participants qui ont \u0153uvr\u00e9 pour la r\u00e9ussite de la master class. Je f\u00e9licite \u00e9galement les quatre stagiaires qui ont dirig\u00e9 le concert r\u00e9cemment dans la salle Bahnini \u00e0 Rabat.<\/span><\/p>\n<p class=\"p1\"><span class=\"s1\"><strong>Pourriez-vous nous expliquer pourquoi l\u2019association \u00e0 cette master class<span class=\"Apple-converted-space\">\u00a0<\/span> d\u2019\u00e9tudiants militaires qui sont connus pour recevoir une formation cal\u00e9e en musique ?<\/strong><\/span><\/p>\n<p class=\"p1\"><span class=\"s2\">Par la primeur de cette master class, les \u00e9tudiants \u00e9taient pr\u00e9sents pour d\u00e9couvrir le m\u00e9tier complexe de chef d\u2019orchestre. Le fait de jouer avec d\u2019autres musiciens \u00e9tait une exp\u00e9rience stimulante. Le r\u00e9pertoire propos\u00e9 \u00e9tait vari\u00e9. Effectivement, il y avait des \u0153uvres classiques comme Le lac des cygnes de Tchaikovsky, le concerto pour violon de Mendelssohn, la Romance pour violon de Beethoven mais aussi une pi\u00e8ce de musique de film comme Pirates des Cara\u00efbes. Une master class de direction d\u2019orchestre est toujours int\u00e9ressante pour les musiciens. En effet, ils d\u00e9couvrent diff\u00e9rents chefs et diff\u00e9rentes interpr\u00e9tations musicales. Ils peuvent r\u00e9pondre aux interrogations du chef sur la sp\u00e9cificit\u00e9 de leurs instruments et les caract\u00e8res techniques de modes de jeux. C\u2019est un moment o\u00f9 s\u2019\u00e9changent des id\u00e9es, des points de vue et ils participent \u00e9galement \u00e0 l\u2019\u00e9volution des jeunes chefs d\u2019orchestre en r\u00e9pondant de mani\u00e8re objective \u00e0 leurs gestes. La communication et le dialogue sont primordiaux pour pouvoir \u00e9changer et r\u00e9fl\u00e9chir ensemble sur la musique.<\/span><\/p>\n<p class=\"p1\"><span class=\"s2\"><strong>Que pensez-vous de la qualit\u00e9 des cours de musique donn\u00e9s au Maroc maintenant que vous avez c\u00f4toy\u00e9 des \u00e9tudiants marocains ?<\/strong><\/span><\/p>\n<p class=\"p1\"><span class=\"s2\">Les musiciens ont un niveau d\u2019excellence. La formation est compl\u00e8te et cela s\u2019entend quand ils jouent. Le Maroc se dote d\u2019un institut sup\u00e9rieur de musique \u00e0 Rabat. Cela est excellent car ils pourront suivre une formation en licence et master en interpr\u00e9tation musicale et m\u00e9tier d\u2019orchestre, voire poursuivre leurs \u00e9tudes sup\u00e9rieures.<\/span><\/p>\n<p class=\"p1\"><span class=\"s2\"><strong>Quelles sont, selon vous, les perspectives de la direction d\u2019orchestre au Maroc ?<\/strong><\/span><\/p>\n<p class=\"p1\"><span class=\"s2\">Nous sommes en train de cr\u00e9er une classe de direction d\u2019orchestre. La demande des stagiaires est \u00e9norme. Je suis tr\u00e8s touch\u00e9 par cette effervescence et cette soif d\u2019apprendre. Des week-ends seront organis\u00e9s pour travailler sur le r\u00e9pertoire classique en dirigeant une petite formation. Vous trouverez des cours d\u2019analyse, de gestique, d\u2019interpr\u00e9tation, d\u2019organologie (\u00e9tude des instruments), d\u2019\u00e9coute, de relationship\u2026.<\/span><\/p>\n<p class=\"p1\"><span class=\"s2\">En effet, un chef d\u2019orchestre doit avoir une bonne \u00e9coute de ses musiciens et de leurs attentes. Cela passe par une introspection et un comportement exemplaire. Il doit cr\u00e9er un climat de confiance et avoir une bonne \u00e9loquence.<\/span><\/p>\n<p>Auteur: Salima Guisser<br \/>\n<a href=\"http:\/\/aujourdhui.ma\/culture\/musique\/mehdi-lougraida-nous-sommes-en-train-de-creer-une-classe-de-direction-dorchestre-au-maroc\">Cliquez ici pour lire l&rsquo;article depuis sa source.<\/a><\/p>\n","protected":false},"excerpt":{"rendered":"<p>Entretien\u00a0avec Mehdi Lougra\u00efda, chef d\u2019orchestre franco-marocain Mehdi Lougra\u00efda vient d\u2019animer une master class de direction d\u2019orchestre \u00e0 Rabat. Il parle de ses particularit\u00e9s et des perspectives de ce m\u00e9tier au Maroc. ALM : Qu\u2019est-ce qui fait le caract\u00e8re unique de la master class que vous venez d\u2019animer \u00e0 Rabat ? Mehdi Lougra\u00efda : C\u2019est la [&hellip;]<\/p>\n","protected":false},"author":1759,"featured_media":0,"comment_status":"closed","ping_status":"closed","sticky":false,"template":"","format":"standard","meta":{"fifu_image_url":"","fifu_image_alt":"","footnotes":""},"categories":[73,54],"tags":[],"class_list":["post-45561","post","type-post","status-publish","format-standard","hentry","category-actualite","category-maroc"],"_links":{"self":[{"href":"https:\/\/linitiative.ca\/International\/wp-json\/wp\/v2\/posts\/45561","targetHints":{"allow":["GET"]}}],"collection":[{"href":"https:\/\/linitiative.ca\/International\/wp-json\/wp\/v2\/posts"}],"about":[{"href":"https:\/\/linitiative.ca\/International\/wp-json\/wp\/v2\/types\/post"}],"author":[{"embeddable":true,"href":"https:\/\/linitiative.ca\/International\/wp-json\/wp\/v2\/users\/1759"}],"replies":[{"embeddable":true,"href":"https:\/\/linitiative.ca\/International\/wp-json\/wp\/v2\/comments?post=45561"}],"version-history":[{"count":0,"href":"https:\/\/linitiative.ca\/International\/wp-json\/wp\/v2\/posts\/45561\/revisions"}],"wp:attachment":[{"href":"https:\/\/linitiative.ca\/International\/wp-json\/wp\/v2\/media?parent=45561"}],"wp:term":[{"taxonomy":"category","embeddable":true,"href":"https:\/\/linitiative.ca\/International\/wp-json\/wp\/v2\/categories?post=45561"},{"taxonomy":"post_tag","embeddable":true,"href":"https:\/\/linitiative.ca\/International\/wp-json\/wp\/v2\/tags?post=45561"}],"curies":[{"name":"wp","href":"https:\/\/api.w.org\/{rel}","templated":true}]}}