{"id":45562,"date":"2019-07-11T09:53:04","date_gmt":"2019-07-11T13:53:04","guid":{"rendered":"https:\/\/linitiative.ca\/International\/sortie-livre-une-enfance-a-fes-damina-mtiri-saoudi\/"},"modified":"2019-07-11T09:53:04","modified_gmt":"2019-07-11T13:53:04","slug":"sortie-livre-une-enfance-a-fes-damina-mtiri-saoudi","status":"publish","type":"post","link":"https:\/\/linitiative.ca\/International\/sortie-livre-une-enfance-a-fes-damina-mtiri-saoudi\/","title":{"rendered":"Sortie livre : \u00abUne enfance \u00e0 F\u00e8s\u00bb d\u2019Amina Mtiri Saoudi"},"content":{"rendered":"<header>\n<div class=\"entry-post-meta\">\n<p>Date\u00a0:<time content=\"2019-07-11T14:53:04+00:00\" class=\"entry-date updated\" datetime=\"2019-07-11T14:53:04+00:00\">juillet 11, 2019<\/time><\/p>\n<div class=\"entry-cat\">dans:<a href=\"http:\/\/aujourdhui.ma\/category\/culture\/livre\" rel=\"category tag\">Livre<\/a><\/div>\n<p>0 Vues<\/p>\n<\/div>\n<\/header>\n<div class=\"entry-content clearfix\" readability=\"59\"><img decoding=\"async\" class=\"post_layout_5_img\" src=\"http:\/\/aujourdhui.ma\/wp-content\/uploads\/2019\/07\/livre-Une-enfance-a%CC%80-Fe%CC%80s-d%E2%80%99Amina-Mtiri-Saoudi-.jpg?x29840\" alt=\"Sortie livre : \u00abUne enfance \u00e0 F\u00e8s\u00bb d\u2019Amina Mtiri Saoudi\"\/><\/p>\n<p class=\"p1\"><span class=\"s1\"><span class=\"c4\"><strong>Premi\u00e8re femme \u00e0 avoir interpr\u00e9t\u00e9 publiquement \u00abOum Keltoum\u00bb, dans les ann\u00e9es 60, l\u2019auteure publie son premier roman intitul\u00e9 \u00abUne enfance \u00e0 F\u00e8s\u00bb. Passionn\u00e9e de peinture, elle choisit la litt\u00e9rature anglaise et am\u00e9ricaine comme formation initiale<\/strong><\/span>.<\/span><span id=\"more-314829\"\/><\/p>\n<p class=\"p1\"><span class=\"s1\">Sa passion pour l\u2019\u00e9criture, elle la traduira \u00e0 travers ses souvenirs d\u2019enfance, v\u00e9cus \u00e0 F\u00e8s. Une restitution de sc\u00e8nes v\u00e9cues \u00e0 l\u2019\u00e9poque valorisant des personnages, des lieux, des impressions, des traditions et des valeurs rend compte d\u2019une nostalgie authentique.<\/span><\/p>\n<p class=\"p1\"><span class=\"s1\">Le choix du style se veut tendre. Le r\u00e9cit s\u2019effectue telle une trame tiss\u00e9e dans les ann\u00e9es 50 et rappelant les plus beaux us et coutumes d\u2019antan. Une \u00e9poque d\u2019avant ind\u00e9pendance du Maroc\u2026 Une \u00e9poque propre \u00e0 ses habitants.<\/span><\/p>\n<p class=\"p1\"><span class=\"s1\">L\u2019auteure inspir\u00e9e de sa propre exp\u00e9rience et de son entourage raconte, en effet, comment des traditions ancestrales, un savoir-faire sp\u00e9cifique et un mode de vie bien structur\u00e9 ont fini par c\u00e9der la place \u00e0 la tentation de l\u2019ascension \u00e9conomique, traduite par une migration vers les villes de Casablanca et Rabat. Le r\u00e9cit rappelle des transhumances sociales mais aussi des changements de comportements certains au fil des d\u00e9cennies s\u2019\u00e9loignant des valeurs profondes de la ville de F\u00e8s. C\u2019est \u00e0 la galerie \u00abMarsam\u00bb qu\u2019Amina Mtiri Saoudi effectuera sa premi\u00e8re signature d\u2019auteure.<\/span><\/p>\n<\/div>\n<p>Auteur: Dounia Essabban<br \/>\n<a href=\"http:\/\/aujourdhui.ma\/culture\/livre\/sortie-livre-une-enfance-a-fes-damina-mtiri-saoudi\">Cliquez ici pour lire l&rsquo;article depuis sa source.<\/a><\/p>\n","protected":false},"excerpt":{"rendered":"<p>Date\u00a0:juillet 11, 2019 dans:Livre 0 Vues Premi\u00e8re femme \u00e0 avoir interpr\u00e9t\u00e9 publiquement \u00abOum Keltoum\u00bb, dans les ann\u00e9es 60, l\u2019auteure publie son premier roman intitul\u00e9 \u00abUne enfance \u00e0 F\u00e8s\u00bb. Passionn\u00e9e de peinture, elle choisit la litt\u00e9rature anglaise et am\u00e9ricaine comme formation initiale. Sa passion pour l\u2019\u00e9criture, elle la traduira \u00e0 travers ses souvenirs d\u2019enfance, v\u00e9cus \u00e0 [&hellip;]<\/p>\n","protected":false},"author":1759,"featured_media":0,"comment_status":"closed","ping_status":"closed","sticky":false,"template":"","format":"standard","meta":{"fifu_image_url":"","fifu_image_alt":"","footnotes":""},"categories":[73,54],"tags":[],"class_list":["post-45562","post","type-post","status-publish","format-standard","hentry","category-actualite","category-maroc"],"_links":{"self":[{"href":"https:\/\/linitiative.ca\/International\/wp-json\/wp\/v2\/posts\/45562","targetHints":{"allow":["GET"]}}],"collection":[{"href":"https:\/\/linitiative.ca\/International\/wp-json\/wp\/v2\/posts"}],"about":[{"href":"https:\/\/linitiative.ca\/International\/wp-json\/wp\/v2\/types\/post"}],"author":[{"embeddable":true,"href":"https:\/\/linitiative.ca\/International\/wp-json\/wp\/v2\/users\/1759"}],"replies":[{"embeddable":true,"href":"https:\/\/linitiative.ca\/International\/wp-json\/wp\/v2\/comments?post=45562"}],"version-history":[{"count":0,"href":"https:\/\/linitiative.ca\/International\/wp-json\/wp\/v2\/posts\/45562\/revisions"}],"wp:attachment":[{"href":"https:\/\/linitiative.ca\/International\/wp-json\/wp\/v2\/media?parent=45562"}],"wp:term":[{"taxonomy":"category","embeddable":true,"href":"https:\/\/linitiative.ca\/International\/wp-json\/wp\/v2\/categories?post=45562"},{"taxonomy":"post_tag","embeddable":true,"href":"https:\/\/linitiative.ca\/International\/wp-json\/wp\/v2\/tags?post=45562"}],"curies":[{"name":"wp","href":"https:\/\/api.w.org\/{rel}","templated":true}]}}