{"id":45564,"date":"2019-07-11T10:30:13","date_gmt":"2019-07-11T14:30:13","guid":{"rendered":"https:\/\/linitiative.ca\/International\/festival-international-du-folklore-traditionnel-dagadir-la-coree-du-sud-a-lhonneur-de-la-2eme-edition\/"},"modified":"2019-07-11T10:30:13","modified_gmt":"2019-07-11T14:30:13","slug":"festival-international-du-folklore-traditionnel-dagadir-la-coree-du-sud-a-lhonneur-de-la-2eme-edition","status":"publish","type":"post","link":"https:\/\/linitiative.ca\/International\/festival-international-du-folklore-traditionnel-dagadir-la-coree-du-sud-a-lhonneur-de-la-2eme-edition\/","title":{"rendered":"Festival international du folklore traditionnel d\u2019Agadir : La Cor\u00e9e du Sud \u00e0 l\u2019honneur  de la 2\u00e8me \u00e9dition"},"content":{"rendered":"<p><img decoding=\"async\" class=\"post_layout_5_img\" src=\"http:\/\/aujourdhui.ma\/wp-content\/uploads\/2019\/07\/FIFTA-Festival-international-du-folklore-traditionnel-d%E2%80%99Agadir.jpg?x29840\" alt=\"Festival international du folklore traditionnel d\u2019Agadir : La Cor\u00e9e du Sud \u00e0 l\u2019honneur de la 2\u00e8me \u00e9dition\"\/><\/p>\n<p class=\"p1\"><span class=\"c4\"><strong><span class=\"s1\">Le Festival international du folklore traditionnel d\u2019Agadir (FIFTA) est de retour pour une deuxi\u00e8me \u00e9dition du 11 au 14 juillet qui r\u00e9unira des participants venant d\u2019horizons divers.<\/span><\/strong><\/span><span id=\"more-314830\"\/><\/p>\n<p class=\"p1\"><span class=\"s1\">Organis\u00e9e par l\u2019Association flamant d\u2019art et de d\u00e9veloppement socioculturel et le Conseil international des organisations de festivals de folklore et d\u2019arts traditionnels-Maroc (CIOFF), cette \u00e9dition du Fifta se tient sous le th\u00e8me \u00abLa culture et le patrimoine, piliers du d\u00e9veloppement touristique\u00bb et recevra des artistes, des intellectuels, des professeurs, des journalistes et des troupes folkloriques venus de divers pays pour immerger le public gadiri dans les rythmes des folklores du monde entier. Il s\u2019agit de la Cor\u00e9e du Sud, invit\u00e9e d\u2019honneur de cette \u00e9dition, la Gr\u00e8ce, la Tunisie, l\u2019Indon\u00e9sie, la C\u00f4te d\u2019Ivoire, les Comores, le Cameroun et la France.<\/span><\/p>\n<p class=\"p1\"><span class=\"s1\">Selon ses organisateurs, \u00ab\u00e9tant un festival international d\u00e9di\u00e9 au folklore et aux arts populaires, le Fifta est une grande manifestation o\u00f9 se r\u00e9unissent plusieurs chanteurs, po\u00e8tes et troupes folkloriques et d\u2019arts populaires, nationales et internationales, pour \u00e9changer, c\u00e9l\u00e9brer la richesse et la vari\u00e9t\u00e9 des arts et des cultures \u00e0 travers le monde. Fifta est \u00e9galement une occasion pour diffuser les valeurs d\u2019ouverture, de partage, de tol\u00e9rance et de coexistence entre les diff\u00e9rentes cultures et civilisations\u00bb.<\/span><\/p>\n<p class=\"p1\"><span class=\"s1\">La deuxi\u00e8me \u00e9dition de cet \u00e9v\u00e9nement culturel sera caract\u00e9ris\u00e9e par une programmation rythm\u00e9e o\u00f9 la question culturelle sera en harmonie avec les aspects artistiques, touristiques et \u00e9conomiques dans l\u2019objectif de mettre en valeur les potentialit\u00e9s touristiques et \u00e9conomiques de la r\u00e9gion du Souss-Massa, et de la ville d\u2019Agadir, comme l\u2019une des meilleures destinations touristiques au Maroc, \u00e0 travers l\u2019organisation d\u2019une balade touristique aux principaux sites historiques et touristiques de la ville au profit des 120 invit\u00e9s et artistes internationaux de cette \u00e9dition.<\/span><\/p>\n<p class=\"p1\"><span class=\"s1\">Pendant 5 jours, les festivaliers seront gratifi\u00e9s de rencontres musicales o\u00f9 les danses accompagnent les rythmes pour cr\u00e9er un tableau artistique, aux couleurs des arts populaires, o\u00f9 se m\u00ealent les folklores asiatique et europ\u00e9en \u00e0 celui de l\u2019Afrique et du Maroc.<\/span><\/p>\n<p class=\"p1\"><span class=\"s1\">Au programme scientifique, un colloque international, sous le th\u00e8me \u00abLa culture et le patrimoine, piliers du d\u00e9veloppement touristique\u00bb, sera organis\u00e9 en partenariat avec la Facult\u00e9 des lettres et des sciences humaines de l\u2019Universit\u00e9 Ibn Zohr, l\u2019association Oupram, et le Laboratoire de recherche en soci\u00e9t\u00e9, langage, art et m\u00e9dias (Larslam). Des masters class et workshops seront \u00e9galement au programme scientifique de cette \u00e9dition. Une conf\u00e9rence du Conseil international des organisations de festivals de folklore et d\u2019arts traditionnels\u2013 Maroc aura \u00e9galement lieu en la pr\u00e9sence de plusieurs sp\u00e9cialistes en folklore et arts populaires, ainsi qu\u2019une exposition internationale des produits du terroir et artisanaux.<\/span><\/p>\n<p>Auteur: Mohamed Laabid<br \/>\n<a href=\"http:\/\/aujourdhui.ma\/culture\/festival-international-du-folklore-traditionnel-dagadir-la-coree-du-sud-a-lhonneur-de-la-2eme-edition\">Cliquez ici pour lire l&rsquo;article depuis sa source.<\/a><\/p>\n","protected":false},"excerpt":{"rendered":"<p>Le Festival international du folklore traditionnel d\u2019Agadir (FIFTA) est de retour pour une deuxi\u00e8me \u00e9dition du 11 au 14 juillet qui r\u00e9unira des participants venant d\u2019horizons divers. Organis\u00e9e par l\u2019Association flamant d\u2019art et de d\u00e9veloppement socioculturel et le Conseil international des organisations de festivals de folklore et d\u2019arts traditionnels-Maroc (CIOFF), cette \u00e9dition du Fifta se [&hellip;]<\/p>\n","protected":false},"author":1759,"featured_media":0,"comment_status":"closed","ping_status":"closed","sticky":false,"template":"","format":"standard","meta":{"fifu_image_url":"","fifu_image_alt":"","footnotes":""},"categories":[73,54],"tags":[],"class_list":["post-45564","post","type-post","status-publish","format-standard","hentry","category-actualite","category-maroc"],"_links":{"self":[{"href":"https:\/\/linitiative.ca\/International\/wp-json\/wp\/v2\/posts\/45564","targetHints":{"allow":["GET"]}}],"collection":[{"href":"https:\/\/linitiative.ca\/International\/wp-json\/wp\/v2\/posts"}],"about":[{"href":"https:\/\/linitiative.ca\/International\/wp-json\/wp\/v2\/types\/post"}],"author":[{"embeddable":true,"href":"https:\/\/linitiative.ca\/International\/wp-json\/wp\/v2\/users\/1759"}],"replies":[{"embeddable":true,"href":"https:\/\/linitiative.ca\/International\/wp-json\/wp\/v2\/comments?post=45564"}],"version-history":[{"count":0,"href":"https:\/\/linitiative.ca\/International\/wp-json\/wp\/v2\/posts\/45564\/revisions"}],"wp:attachment":[{"href":"https:\/\/linitiative.ca\/International\/wp-json\/wp\/v2\/media?parent=45564"}],"wp:term":[{"taxonomy":"category","embeddable":true,"href":"https:\/\/linitiative.ca\/International\/wp-json\/wp\/v2\/categories?post=45564"},{"taxonomy":"post_tag","embeddable":true,"href":"https:\/\/linitiative.ca\/International\/wp-json\/wp\/v2\/tags?post=45564"}],"curies":[{"name":"wp","href":"https:\/\/api.w.org\/{rel}","templated":true}]}}