{"id":45565,"date":"2019-07-11T11:00:42","date_gmt":"2019-07-11T15:00:42","guid":{"rendered":"https:\/\/linitiative.ca\/International\/les-journees-de-commercialisation-des-produits-du-terroir-sont-de-retour-a-al-hoceima\/"},"modified":"2019-07-11T11:00:42","modified_gmt":"2019-07-11T15:00:42","slug":"les-journees-de-commercialisation-des-produits-du-terroir-sont-de-retour-a-al-hoceima","status":"publish","type":"post","link":"https:\/\/linitiative.ca\/International\/les-journees-de-commercialisation-des-produits-du-terroir-sont-de-retour-a-al-hoceima\/","title":{"rendered":"Les Journ\u00e9es de commercialisation des produits du terroir sont de retour \u00e0 Al Hoceima"},"content":{"rendered":"<p><img decoding=\"async\" class=\"post_layout_5_img\" src=\"http:\/\/aujourdhui.ma\/wp-content\/uploads\/2019\/07\/produits-du-terroir.jpg?x29840\" alt=\"Les Journ\u00e9es de commercialisation des produits du terroir sont de retour \u00e0 Al Hoceima\"\/><\/p>\n<p class=\"p1\"><span class=\"c4\"><strong>Les travaux se tiendront du 11 au 14 juillet<\/strong><\/span><span id=\"more-314794\"\/><\/p>\n<p class=\"p1\"><span class=\"s1\">Les produits du terroir au service de d\u00e9veloppement \u00e9conomique et social et \u00e0 l\u2019auto-emploi dans la r\u00e9gion. Tel est le th\u00e8me principal des dixi\u00e8mes \u00abJourn\u00e9es de commercialisation des produits du terroir\u00bb, dont les travaux se tiendront, du 11 au 14 juillet, \u00e0 Al Hoceima.<\/span><\/p>\n<p class=\"p1\"><span class=\"s1\">C\u2019est une meilleure occasion de mettre en avant les potentialit\u00e9s de la r\u00e9gion de Tanger-T\u00e9touan-Al Hoceima en mati\u00e8re de produits du terroir. D\u2019autant plus que la perle de la M\u00e9diterran\u00e9e devient en cette p\u00e9riode estivale une destination de choix pour les visiteurs nationaux et les Marocains r\u00e9sident \u00e0 l\u2019\u00e9tranger, qui manifestent un grand int\u00e9r\u00eat pour ces produits connus par leurs bienfaits nutritionnels et cosm\u00e9tiques. Initi\u00e9e par la direction r\u00e9gionale de l\u2019agriculture de Tanger-T\u00e9touan-Al Hoceima en partenariat avec la Chambre r\u00e9gionale d\u2019agriculture, ces dixi\u00e8mes journ\u00e9es- qui s\u2019inscrivent dans le cadre du Plan agricole r\u00e9gional (PAR)- seront tenues sur une superficie globale de 1.000 m<sup>2<\/sup>. Cet espace sera compos\u00e9 de 45 stands destin\u00e9s d\u2019accueillir des associations et des organisations professionnelles les plus actives sur le territoire r\u00e9gional. Il est pr\u00e9vu la participation des organisations professionnelles des autres provinces du Royaume, repr\u00e9sentant <em>\u00ables plus importantes cha\u00eenes de production de l\u2019huile d\u2019olive, du miel, du fromage de ch\u00e8vre, de plantes m\u00e9dicinales et aromatiques, de dattes, de figues et de figues de barbarie\u00bb,<\/em> selon les organisateurs.<\/span><\/p>\n<p class=\"p1\"><span class=\"s1\">Cet \u00e9v\u00e9nement pr\u00e9voit constituer, \u00e0 l\u2019instar des neuf pr\u00e9c\u00e9dentes \u00e9ditions, un espace pour relancer des investissements, d\u00e9velopper des partenariats et jeter des ponts de communication entre les diff\u00e9rents intervenants dans le secteur des produits du terroir. Il servira ainsi comme une plate-forme d\u2019\u00e9change d\u2019exp\u00e9riences et d\u2019expertise entre les organisations professionnelles participant \u00e0 ces dixi\u00e8mes journ\u00e9es. Ce qui permet <em>\u00abla mise \u00e0 niveau des produits du terroir et l\u2019am\u00e9lioration des conditions de vie des petits agriculteurs\u00bb,<\/em> tient \u00e0 pr\u00e9ciser la m\u00eame source.<\/span><\/p>\n<p class=\"p1\"><span class=\"s1\">Cet \u00e9v\u00e9nement ambitionne \u00e0 travers une exposition de produits riche et vari\u00e9s d\u2019attirer plus de 50.000 visiteurs. Il cherche ainsi ouvrir de nouvelles opportunit\u00e9s pour la promotion des produits du terroir, consid\u00e9r\u00e9 comme un levier pour le d\u00e9veloppement local.<\/span><\/p>\n<p class=\"p1\"><span class=\"s1\">Les organisateurs pr\u00e9voient l\u2019am\u00e9nagement d\u2019un espace d\u00e9di\u00e9 \u00e0 l\u2019Office national du conseil agricole, consid\u00e9r\u00e9 comme l\u2019un des principaux participants de cette dixi\u00e8me \u00e9dition. Cet espace comporte cinq guichets th\u00e9matiques pr\u00e9vus d\u2019\u00eatre anim\u00e9s par des professionnels et des conseillers agricoles, et ce au profit des agriculteurs et des coop\u00e9ratives agricoles.<\/span><\/p>\n<p>Auteur: Najat Fa\u00efssal<br \/>\n<a href=\"http:\/\/aujourdhui.ma\/economie\/les-journees-de-commercialisation-des-produits-du-terroir-sont-de-retour-a-al-hoceima\">Cliquez ici pour lire l&rsquo;article depuis sa source.<\/a><\/p>\n","protected":false},"excerpt":{"rendered":"<p>Les travaux se tiendront du 11 au 14 juillet Les produits du terroir au service de d\u00e9veloppement \u00e9conomique et social et \u00e0 l\u2019auto-emploi dans la r\u00e9gion. Tel est le th\u00e8me principal des dixi\u00e8mes \u00abJourn\u00e9es de commercialisation des produits du terroir\u00bb, dont les travaux se tiendront, du 11 au 14 juillet, \u00e0 Al Hoceima. C\u2019est une [&hellip;]<\/p>\n","protected":false},"author":1759,"featured_media":0,"comment_status":"closed","ping_status":"closed","sticky":false,"template":"","format":"standard","meta":{"fifu_image_url":"","fifu_image_alt":"","footnotes":""},"categories":[73,54],"tags":[],"class_list":["post-45565","post","type-post","status-publish","format-standard","hentry","category-actualite","category-maroc"],"_links":{"self":[{"href":"https:\/\/linitiative.ca\/International\/wp-json\/wp\/v2\/posts\/45565","targetHints":{"allow":["GET"]}}],"collection":[{"href":"https:\/\/linitiative.ca\/International\/wp-json\/wp\/v2\/posts"}],"about":[{"href":"https:\/\/linitiative.ca\/International\/wp-json\/wp\/v2\/types\/post"}],"author":[{"embeddable":true,"href":"https:\/\/linitiative.ca\/International\/wp-json\/wp\/v2\/users\/1759"}],"replies":[{"embeddable":true,"href":"https:\/\/linitiative.ca\/International\/wp-json\/wp\/v2\/comments?post=45565"}],"version-history":[{"count":0,"href":"https:\/\/linitiative.ca\/International\/wp-json\/wp\/v2\/posts\/45565\/revisions"}],"wp:attachment":[{"href":"https:\/\/linitiative.ca\/International\/wp-json\/wp\/v2\/media?parent=45565"}],"wp:term":[{"taxonomy":"category","embeddable":true,"href":"https:\/\/linitiative.ca\/International\/wp-json\/wp\/v2\/categories?post=45565"},{"taxonomy":"post_tag","embeddable":true,"href":"https:\/\/linitiative.ca\/International\/wp-json\/wp\/v2\/tags?post=45565"}],"curies":[{"name":"wp","href":"https:\/\/api.w.org\/{rel}","templated":true}]}}