{"id":45566,"date":"2019-07-11T05:13:56","date_gmt":"2019-07-11T09:13:56","guid":{"rendered":"https:\/\/linitiative.ca\/International\/liran-tape-du-point-sur-la-table\/"},"modified":"2019-07-11T05:13:56","modified_gmt":"2019-07-11T09:13:56","slug":"liran-tape-du-point-sur-la-table","status":"publish","type":"post","link":"https:\/\/linitiative.ca\/International\/liran-tape-du-point-sur-la-table\/","title":{"rendered":"L\u2019Iran tape du point sur la table"},"content":{"rendered":"<p class=\"c4\"><span class=\"c3\"><strong><span class=\"c2\">E<\/span>n d\u00e9plorant le retrait le 8 mai 2018 des Etats-Unis du Joint Comprehensive Plan of Action (JCPoA), \u00abaccord sur le nucl\u00e9aire iranien\u00bb, sign\u00e9 \u00e0 Vienne en Juillet 2015 par l\u2019Iran, les cinq pays du Conseil de S\u00e9curit\u00e9 et l\u2019Allemagne, la R\u00e9publique islamique iranienne avaient d\u00e9j\u00e0 fait part de son intention de commencer \u00e0 s\u2019affranchir de certains engagements pris dans le cadre dudit accord afin de pousser les autres signataires, notamment europ\u00e9ens \u00e0 la soutenir en lui permettant de contourner les sanctions asphyxiantes qui lui ont \u00e9t\u00e9 ind\u00fbment impos\u00e9es par l\u2019administration Trump et qui l\u2019emp\u00eachent de b\u00e9n\u00e9ficier des retomb\u00e9es \u00e9conomiques favorables qu\u2019il attendait de la signature de l\u2019accord pr\u00e9cit\u00e9.<\/strong><\/span><\/p>\n<p class=\"c4\">De m\u00eame, en citant le porte-parole de l\u2019Organisation Iranienne de l\u2019Energie Atomique (OIEA), l\u2019Agence iranienne ISNA a annonc\u00e9 ce dimanche, que par mesure de r\u00e9torsion, T\u00e9h\u00e9ran a commenc\u00e9 \u00e0 enrichir de l\u2019uranium \u00e0 4,5%, d\u00e9passant ainsi le seuil de 3,67% fix\u00e9 par l\u2019accord de Vienne et atteignant, de ce fait, \u00abun degr\u00e9 de puret\u00e9 parfaitement suffisant pour les besoins du pays en combustible pour centrale nucl\u00e9aire\u00bb.<\/p>\n<p class=\"c4\">Le conseiller du Guide Supr\u00eame iranien, Ali Akbar Velayati, \u00a0a d\u00e9clar\u00e9 \u00e0 ce titre que le niveau reste n\u00e9anmoins, bien en-de\u00e7\u00e0 du minimum requis pour envisager la fabrication d\u2019une bombe atomique et que les besoins du pays \u00abpour ses activit\u00e9s nucl\u00e9aires pacifiques\u00bb n\u00e9cessitent de l\u2019uranium enrichi \u00e0 5%. En pr\u00e9cisant par ailleurs, que pour la fabrication d\u2019une bombe atomique, il faudrait de l\u2019uranium enrichi \u00e0 90%. Cependant,\u00a0 le num\u00e9ro 1\u00a0 iranien a reconnu tout de m\u00eame, que la d\u00e9cision prise par son pays fragilise consid\u00e9rablement un accord international complexe du fait du retrait unilat\u00e9ral des Etats-Unis.<\/p>\n<p class=\"c4\">L\u2019annonce faite dimanche dernier par le r\u00e9gime des Mollahs a suscit\u00e9 bon nombre d\u2019interrogations de la part de l\u2019Union europ\u00e9enne. L\u2019organisation a imm\u00e9diatement\u00a0r\u00e9agi en exhortant \u00abl\u2019Iran \u00e0 cesser (\u2026) ses activit\u00e9s qui sont contraires aux engagements pris dans le cadre\u00bb de l\u2019accord de Vienne et \u00ab\u00e0 revenir\u00bb aux termes de celui-ci. En faisant \u00a0part de sa \u00abgrande inqui\u00e9tude\u00bb, Paris a exig\u00e9 de T\u00e9h\u00e9ran la cessation de toute activit\u00e9 \u00abnon conforme\u00bb au JCPoA et que Londres et Berlin l\u2019ont somm\u00e9 de revoir sa position.<\/p>\n<p class=\"c4\">De l\u2019autre c\u00f4t\u00e9, Moscou qui avait auparavant \u00abaverti des cons\u00e9quences qui adviendraient in\u00e9luctablement, si l\u2019un des Etats faisant partie de l\u2019accord venait \u00e0 mettre fin \u00e0 ses obligations en se retirant\u00bb, a point\u00e9 du doigt Washington d\u2019\u00eatre responsable des tensions actuelles. Toutefois, il appel\u00e9 toutes les parties \u00e0 reprendre la voix du dialogue. Mais le porte-parole de la diplomatie chinoise a affirm\u00e9 quant \u00e0 lui que \u00abla pression maximale des Etats-Unis sur l\u2019Iran est la source de la crise nucl\u00e9aire iranienne\u00bb.<\/p>\n<p class=\"c4\">Aussi, abondant dans le m\u00eame sens, Thierry Coville, chercheur \u00e0 l\u2019Iris et sp\u00e9cialiste de l\u2019Iran, a estim\u00e9 que c\u2019est pour \u00absignifier aux am\u00e9ricains que leur politique a un co\u00fbt et aux europ\u00e9ens que leur passivit\u00e9 \u00e0 un co\u00fbt\u00bb. Aapr\u00e8s avoir attendu la r\u00e9ponse des europ\u00e9ens pendant une ann\u00e9e, l\u2019Iran a fini par \u00abchanger de strat\u00e9gie\u00bb.<\/p>\n<p class=\"c4\">Et si, Mohammed Javad Zarif, le chef de la diplomatie iranienne, reste convaincu du fait que la survie de l\u2019accord de Vienne d\u00e9pend des pays europ\u00e9ens signataires du moment que l\u2019Iran est pr\u00eat \u00e0 annuler les mesures prises si ces derniers agissent \u00aben conformit\u00e9\u00bb avec le texte,<\/p>\n<p class=\"c4\">Abbas Moussavi, le porte-parole du minist\u00e8re iranien des Affaires \u00e9trang\u00e8res s\u2019est exprim\u00e9 sur cette situation. Il a somm\u00e9 Paris, Londres et Berlin de ne point \u00abse comporter de mani\u00e8re \u00e9trange et inattendue. Car d\u2019apr\u00e8s lui\u00a0; cela mettrait T\u00e9h\u00e9ran devant la n\u00e9cessit\u00e9 de sauter\u00a0toutes les \u00e9tapes\u00a0du plan de r\u00e9duction des engagements annonc\u00e9 en mai. Mais, quelle serait donc la nature de cette ultime \u00e9tape non pr\u00e9cis\u00e9e par le porte-parole de la diplomatie iranienne\u00a0? La fabrication d\u2019une bombe atomique\u00a0? L\u2019avenir nous en dira davantage.<\/p>\n<p class=\"c5\"><strong>Nabil El Bousaadi<\/strong><\/p>\n<p>Auteur: rahal mehamed<br \/>\n<a href=\"http:\/\/albayane.press.ma\/liran-tape-du-point-sur-la-table.html\">Cliquez ici pour lire l&rsquo;article depuis sa source.<\/a><\/p>\n","protected":false},"excerpt":{"rendered":"<p>En d\u00e9plorant le retrait le 8 mai 2018 des Etats-Unis du Joint Comprehensive Plan of Action (JCPoA), \u00abaccord sur le nucl\u00e9aire iranien\u00bb, sign\u00e9 \u00e0 Vienne en Juillet 2015 par l\u2019Iran, les cinq pays du Conseil de S\u00e9curit\u00e9 et l\u2019Allemagne, la R\u00e9publique islamique iranienne avaient d\u00e9j\u00e0 fait part de son intention de commencer \u00e0 s\u2019affranchir de [&hellip;]<\/p>\n","protected":false},"author":1760,"featured_media":0,"comment_status":"closed","ping_status":"closed","sticky":false,"template":"","format":"standard","meta":{"fifu_image_url":"","fifu_image_alt":"","footnotes":""},"categories":[73,54],"tags":[],"class_list":["post-45566","post","type-post","status-publish","format-standard","hentry","category-actualite","category-maroc"],"_links":{"self":[{"href":"https:\/\/linitiative.ca\/International\/wp-json\/wp\/v2\/posts\/45566","targetHints":{"allow":["GET"]}}],"collection":[{"href":"https:\/\/linitiative.ca\/International\/wp-json\/wp\/v2\/posts"}],"about":[{"href":"https:\/\/linitiative.ca\/International\/wp-json\/wp\/v2\/types\/post"}],"author":[{"embeddable":true,"href":"https:\/\/linitiative.ca\/International\/wp-json\/wp\/v2\/users\/1760"}],"replies":[{"embeddable":true,"href":"https:\/\/linitiative.ca\/International\/wp-json\/wp\/v2\/comments?post=45566"}],"version-history":[{"count":0,"href":"https:\/\/linitiative.ca\/International\/wp-json\/wp\/v2\/posts\/45566\/revisions"}],"wp:attachment":[{"href":"https:\/\/linitiative.ca\/International\/wp-json\/wp\/v2\/media?parent=45566"}],"wp:term":[{"taxonomy":"category","embeddable":true,"href":"https:\/\/linitiative.ca\/International\/wp-json\/wp\/v2\/categories?post=45566"},{"taxonomy":"post_tag","embeddable":true,"href":"https:\/\/linitiative.ca\/International\/wp-json\/wp\/v2\/tags?post=45566"}],"curies":[{"name":"wp","href":"https:\/\/api.w.org\/{rel}","templated":true}]}}