{"id":45569,"date":"2019-07-11T05:43:58","date_gmt":"2019-07-11T09:43:58","guid":{"rendered":"https:\/\/linitiative.ca\/International\/1eres-assises-sur-les-industries-culturelles-et-creatives\/"},"modified":"2019-07-11T05:43:58","modified_gmt":"2019-07-11T09:43:58","slug":"1eres-assises-sur-les-industries-culturelles-et-creatives","status":"publish","type":"post","link":"https:\/\/linitiative.ca\/International\/1eres-assises-sur-les-industries-culturelles-et-creatives\/","title":{"rendered":"1\u00e8res assises sur \u00abLes industries culturelles et cr\u00e9atives\u00bb"},"content":{"rendered":"<p class=\"c3\"><span class=\"c2\"><strong>Une table ronde pr\u00e9paratoire pour approfondir le d\u00e9bat<\/strong><\/span><\/p>\n<p class=\"c5\"><strong><span class=\"c2\">U<\/span><span class=\"c4\">n th\u00e8me d\u2019actualit\u00e9, transversal, les industries culturelles et cr\u00e9atives \u00e9taient au c\u0153ur d\u2019une table ronde qui a eu lieu mardi 9 juillet \u00e0 Rabat, organis\u00e9e par le Minist\u00e8re de la Culture et de la Communication, d\u00e9partement de la culture. Cette rencontre pr\u00e9paratoire en vue de l\u2019organisation des premi\u00e8res assises des \u00abindustries cr\u00e9atives et culturelles\u00bb se veut un moment de r\u00e9flexion\u00a0 afin \u00a0d\u2019\u00e9changer les id\u00e9es et les expertises entre\u00a0 les diff\u00e9rents acteurs.<\/span><\/strong><\/p>\n<p class=\"c5\">A cette occasion, le Minist\u00e8re de la Culture et de la Communication, Mohamed Laaraj, a soulign\u00e9 que cette table ronde est une plate-forme et un point de d\u00e9marrage pour chercher des pistes de r\u00e9flexion dans le cadre d\u2019une approche participative avec tous les intervenants\u00a0 dans le domaine. \u00abLes recommandations\u00a0 de cette rencontre seront prises en\u00a0 consid\u00e9ration\u00a0 pour les prochaines assises\u00bb, dit-il. \u00a0Selon lui,\u00a0 \u2018\u2019on ne peut pas limiter la culture uniquement dans les politiques culturelles, mais cela concerne \u00e9galement la cr\u00e9ation sous toutes ses formes et\u00a0 facettes\u2019\u2019.<\/p>\n<p class=\"c5\">\u00abLa culture peut cr\u00e9er une soci\u00e9t\u00e9 de la connaissance et promouvoir l\u2019\u00e9conomie culturelle et le d\u00e9veloppement social\u00bb, a-t-il ajout\u00e9. D\u2019apr\u00e8s lui toujours, la\u00a0 culture doit \u00eatre \u00e9galement pr\u00e9sente dans le mod\u00e8le du d\u00e9veloppement. Le critique de cin\u00e9ma et de l\u2019audiovisuel, Mohamed Galaoui s\u2019est arr\u00eat\u00e9 dans son intervention sur les horizons des industries cin\u00e9matographiques au Maroc.<\/p>\n<p class=\"c5\">\u00abCe que j\u2019entends par institutionnaliser le cin\u00e9ma, c\u2019est institutionnaliser \u00a0les rapports entre les acteurs qui agissent\u00a0 dans le domaine du cin\u00e9ma.\u00a0\u00bb, explique-t-il. \u00a0En effet, le m\u00e9tier doit \u00eatre organis\u00e9 c\u2019est \u00e0 dire que chaque secteur doit \u00eatre ind\u00e9pendant \u00e0 savoir le secteur de la production, de la r\u00e9alisation et de la distribution, a-t-il ajout\u00e9.<\/p>\n<p class=\"c5\">Or, ce qui se passe ce que les acteurs sont d\u00e9pendant\u00a0 de la volont\u00e9 du r\u00e9alisateur, et parfois \u00e7a devient un rapport personnel. Il faut rationnaliser le secteur et tout le monde respectera le cahier des charges et respecter la loi dans ce cadre, a-t-il fait savoir. Pour Galaoui, le cin\u00e9ma marocain doit \u00eatre aussi pr\u00e9sent sur le plan international et penser \u00e0\u00a0 des coproductions et ne pas se limiter uniquement \u00e0\u00a0 l\u2019aide de l\u2019Etat.<\/p>\n<p class=\"c5\">Le chercheur et artiste, Mohamed Idrissi Mansouri\u00a0 a mis la lumi\u00e8re sur les d\u00e9fis et enjeux de l\u2019industrie culturelle au Maroc, les arts plastiques comme cas de figure.\u00a0\u00a0 Il a soulign\u00e9 dans son intervention \u00e0 la situation des arts plastiques dans la cr\u00e9ation des politiques culturelles, tout en prenant en consid\u00e9ration la modernit\u00e9, la mondialisation et le num\u00e9rique qui ont envahi la soci\u00e9t\u00e9 moderne.<\/p>\n<p class=\"c5\">Aujourd\u2019hui, dit-il, \u00a0de 2000 \u00e0 3000 artistes professionnels sont pr\u00e9sents dans le paysage artistique national par rapport aux ann\u00e9es 50 o\u00f9 les artistes se comptaient sur les doigts d\u2019une main. L\u2019intervenant \u00a0s\u2019est arr\u00eat\u00e9 \u00e9galement sur de nombreuses questions qui touchent le secteur des arts plastiques entre autres l\u2019enseignement p\u00e9dagogique et la formation acad\u00e9mique qui sont centr\u00e9s essentiellement dans certaines villes, l\u2019entrave du temps et des ressources mat\u00e9rielles qui freinent parfois le processus de la cr\u00e9ation. \u00abIl ne faut\u00a0 mettre tout les artistes dans le m\u00eame panier, mais il faudrait y avoir une grande connaissance des artistes et de leurs valeurs chacun dans son style et son domaine de travail\u00bb, a-t-il pr\u00e9cis\u00e9.<\/p>\n<p class=\"c5\">L\u2019intervenant\u00a0 a\u00a0 mis l\u2019accent\u00a0 sur le nombre des galeries qui reste selon lui \u00a0limit\u00e9 (27 espaces pour exposition). Il a appel\u00e9 en outre \u00e0 la cr\u00e9ation des manifestations comme des salons et biennales\u00a0 artistiques, produire une offre artistique qui r\u00e9pond \u00e0 tous les go\u00fbts pour s\u00e9duire le public, encourager la cr\u00e9ation nationale au Maroc et ailleurs, soutenir les gall\u00e9ries et renforcer l\u2019approche participative et consultative entre\u00a0 tous les acteurs concern\u00e9s.<\/p>\n<p class=\"c5\">La transversalit\u00e9 des politiques publiques et les moyens d\u2019int\u00e9gration de la culture dans le d\u00e9veloppement durable\u00a0\u00bb, tel est le th\u00e8me sur lequel s\u2019est pench\u00e9 Messaoud Bouhcine, professeur d\u2019art dramatique \u00e0 l\u2019ISADAC. Quant \u00e0 Fouzia El Bayed, directrice de la publication du magazine, \u00abAl Founoune\u00bb, elle a abord\u00e9 le rapport de l\u2019industrie culturelle et le partenariat public-priv\u00e9 au Maroc.<\/p>\n<p class=\"c5\">Les interventions sont ax\u00e9es sur la n\u00e9cessit\u00e9 de l\u2019int\u00e9gration de la culture dans le d\u00e9veloppement durable et la promotion de l\u2019industrie culturelle au Maroc pour en faire une source g\u00e9n\u00e9ratrice de revenus.<\/p>\n<p class=\"c6\"><strong>Mohamed Nait Youssef<\/strong><\/p>\n<p>Auteur: rahal mehamed<br \/>\n<a href=\"http:\/\/albayane.press.ma\/1eres-assises-sur-les-industries-culturelles-et-creatives.html\">Cliquez ici pour lire l&rsquo;article depuis sa source.<\/a><\/p>\n","protected":false},"excerpt":{"rendered":"<p>Une table ronde pr\u00e9paratoire pour approfondir le d\u00e9bat Un th\u00e8me d\u2019actualit\u00e9, transversal, les industries culturelles et cr\u00e9atives \u00e9taient au c\u0153ur d\u2019une table ronde qui a eu lieu mardi 9 juillet \u00e0 Rabat, organis\u00e9e par le Minist\u00e8re de la Culture et de la Communication, d\u00e9partement de la culture. Cette rencontre pr\u00e9paratoire en vue de l\u2019organisation des [&hellip;]<\/p>\n","protected":false},"author":1760,"featured_media":0,"comment_status":"closed","ping_status":"closed","sticky":false,"template":"","format":"standard","meta":{"fifu_image_url":"","fifu_image_alt":"","footnotes":""},"categories":[73,54],"tags":[],"class_list":["post-45569","post","type-post","status-publish","format-standard","hentry","category-actualite","category-maroc"],"_links":{"self":[{"href":"https:\/\/linitiative.ca\/International\/wp-json\/wp\/v2\/posts\/45569","targetHints":{"allow":["GET"]}}],"collection":[{"href":"https:\/\/linitiative.ca\/International\/wp-json\/wp\/v2\/posts"}],"about":[{"href":"https:\/\/linitiative.ca\/International\/wp-json\/wp\/v2\/types\/post"}],"author":[{"embeddable":true,"href":"https:\/\/linitiative.ca\/International\/wp-json\/wp\/v2\/users\/1760"}],"replies":[{"embeddable":true,"href":"https:\/\/linitiative.ca\/International\/wp-json\/wp\/v2\/comments?post=45569"}],"version-history":[{"count":0,"href":"https:\/\/linitiative.ca\/International\/wp-json\/wp\/v2\/posts\/45569\/revisions"}],"wp:attachment":[{"href":"https:\/\/linitiative.ca\/International\/wp-json\/wp\/v2\/media?parent=45569"}],"wp:term":[{"taxonomy":"category","embeddable":true,"href":"https:\/\/linitiative.ca\/International\/wp-json\/wp\/v2\/categories?post=45569"},{"taxonomy":"post_tag","embeddable":true,"href":"https:\/\/linitiative.ca\/International\/wp-json\/wp\/v2\/tags?post=45569"}],"curies":[{"name":"wp","href":"https:\/\/api.w.org\/{rel}","templated":true}]}}