{"id":45570,"date":"2019-07-11T05:50:46","date_gmt":"2019-07-11T09:50:46","guid":{"rendered":"https:\/\/linitiative.ca\/International\/amina-rachid-la-doyenne-des-comediennes-honoree-a-harhoura\/"},"modified":"2019-07-11T05:50:46","modified_gmt":"2019-07-11T09:50:46","slug":"amina-rachid-la-doyenne-des-comediennes-honoree-a-harhoura","status":"publish","type":"post","link":"https:\/\/linitiative.ca\/International\/amina-rachid-la-doyenne-des-comediennes-honoree-a-harhoura\/","title":{"rendered":"Amina Rachid, la doyenne des com\u00e9diennes honor\u00e9e \u00e0 Harhoura"},"content":{"rendered":"<p class=\"c4\"><em><span class=\"c3\"><span class=\"c2\">L<\/span>es pieds dans l\u2019eau, les amoureux du 7<sup>\u00e8me<\/sup> art renoueront\u00a0 avec le festival cin\u00e9-plage de Harhoura qui f\u00eate cette ann\u00e9e du 23 au 27 juillet 2019 \u00e0 la plage Sid El Abed \u00e0 Harhoura, ses 4ans d\u2019existence. Comme \u00e0 l\u2019accoutum\u00e9e des projections en plein air sont programm\u00e9es dans une ambiance cin\u00e9matographique estivale et conviviale. \u00a0Pour \u00a0cette \u00e9dition, 6 films seront en lice pour d\u00e9crocher le grand prix du festival, ainsi que le film qui ouvrira le bal de la manifestation cin\u00e9matographique.<\/span><\/em><\/p>\n<p class=\"c5\">Que dire du cin\u00e9-plage\u00a0Harhoura? C\u2019est un festival ouvert sur la ville. Plusieurs espaces y sont consacr\u00e9s. Son public est essentiellement\u00a0 form\u00e9 des jeunes. C\u2019est pour cette raison que l\u2019Association marocaine des arts sans fronti\u00e8res (AMAF), organisatrice de l\u2019\u00e9v\u00e9nement, s\u2019ouvre de plus en plus sur les f\u00e9rus de l\u2019image et\u00a0 du cin\u00e9ma en organisant des activit\u00e9s en marge du festival. Parmi lesquelles, des ateliers de sc\u00e9nario, r\u00e9alisation et acting, encadr\u00e9s par des r\u00e9alisateurs, des com\u00e9diens et des experts dans l\u2019art et la culture, des conf\u00e9rences et bien d\u2019autres.<\/p>\n<p class=\"c5\">L\u2019objectif vis\u00e9 \u00e0 travers cela est la sensibilisation et \u00a0la formation des jeunes dans le domaine. Ils sont bien \u00e9videmment la rel\u00e8ve de demain. Par ailleurs, les hommages seront un des moments forts de cette \u00e9dition en braquant les projecteurs sur l\u2019un des beaux parcours et prolifiques du 7<sup>\u00e8me<\/sup> art national, Amina Rachid, qui est l\u2019une des pionni\u00e8res du cin\u00e9ma, du th\u00e9\u00e2tre\u00a0 et de la t\u00e9l\u00e9vision marocaine.<\/p>\n<p class=\"c5\">En\u00a0 1975,\u00a0 elle a commenc\u00e9 sa carri\u00e8re dans le domaine du cin\u00e9ma\u00a0 en jouant pour la premi\u00e8re fois dans le long m\u00e9trage du r\u00e9alisateur Abdellah Mesbahi, \u00abDemain, la Terre ne changera pas\u00bb. D\u2019autres r\u00f4les viendront des ann\u00e9es plus tard. C\u2019est en 1993 qu\u2019elle incarne un beau r\u00f4le, tr\u00e8s marquant d\u2019ailleurs, \u00abLalla Hobbi\u00bb dans le film \u00e0 succ\u00e8s\u00a0 de Mohamed Abderrahman Tazi, \u00ab\u00e0 la recherche du mari de ma femme\u00bb. Une \u0153uvre cin\u00e9matographique ayant marqu\u00e9 le cin\u00e9ma national dont le public ne se lasse pas de regarder.<\/p>\n<p class=\"c5\">Apr\u00e8s 4 ans environ, elle joue dans la suite de ce film\u00a0 \u00abLalla Hobbi\u00bb\u00a0 du m\u00eame r\u00e9alisateur. La carri\u00e8re cin\u00e9matographique d\u2019Amina Rachid est riche, dense et singuli\u00e8re par le fait que, l\u2019artiste ne se r\u00e9p\u00e8te pas dans son jeu et ses r\u00f4les interpr\u00e9t\u00e9s dans les films pr\u00e9c\u00e9dents. Elle s\u2019inscrit dans une logique de d\u00e9passement et de d\u00e9fi afin de pr\u00e9senter le meilleur \u00e0 son grand public.<\/p>\n<p class=\"c5\">Aussin elle a jou\u00e9 surtout dans les films comme\u00a0 \u00abBrahim Yach\u00bb du r\u00e9alisateur et com\u00e9dien Nabil Lahlou,\u00a0 \u00abLa vie d\u2019une rose\u00bb d\u2019Abdelamajed Rechiche \u00abLa rue du Caire\u00bb d\u2019Abdelkader Derkaoui, \u00abRuses de femmes\u00bb de Farida Belyazid\u00a0 et\u00a0 \u00abVoleurs de r\u00eaves\u00bb, \u00abDestin de femmes\u00bb, \u00abElle est diab\u00e9tique et hypertendue et refuse de crever \u00bb de Hakim Noury.<\/p>\n<p class=\"c5\">D\u2019autres hommages seront par ailleurs rendus \u00a0aux actrices\u00a0 Majdouline Idrissi et Sa\u00efda Ba\u00e2di en reconnaissance \u00e0 leurs parcours artistiques et cin\u00e9matographiques. Pour ce qui du jury de cette \u00e9dition, il sera pr\u00e9sid\u00e9 par le po\u00e8te et \u00e9crivain Salah Al Wadie qui \u00a0sera accompagn\u00e9 par le r\u00e9alisateur Ahmed Rachdi, la com\u00e9dienne tunisienne Fatima Saidane, la com\u00e9dienne marocaine Rawia et \u00a0le directeur du festival d\u2019Alexandrie Amir Abadah. Cette ann\u00e9e encore le festival partira \u00e0 la rencontre\u00a0 du public de Tamesna \u00e0 travers une programmation riche en projection pour le bonheur des festivaliers.<\/p>\n<p class=\"c4\"><strong>Mohamed Nait Youssef<\/strong><\/p>\n<p>Auteur: rahal mehamed<br \/>\n<a href=\"http:\/\/albayane.press.ma\/amina-rachid-la-doyenne-des-comediennes-honoree-a-harhoura.html\">Cliquez ici pour lire l&rsquo;article depuis sa source.<\/a><\/p>\n","protected":false},"excerpt":{"rendered":"<p>Les pieds dans l\u2019eau, les amoureux du 7\u00e8me art renoueront\u00a0 avec le festival cin\u00e9-plage de Harhoura qui f\u00eate cette ann\u00e9e du 23 au 27 juillet 2019 \u00e0 la plage Sid El Abed \u00e0 Harhoura, ses 4ans d\u2019existence. Comme \u00e0 l\u2019accoutum\u00e9e des projections en plein air sont programm\u00e9es dans une ambiance cin\u00e9matographique estivale et conviviale. \u00a0Pour [&hellip;]<\/p>\n","protected":false},"author":1760,"featured_media":0,"comment_status":"closed","ping_status":"closed","sticky":false,"template":"","format":"standard","meta":{"fifu_image_url":"","fifu_image_alt":"","footnotes":""},"categories":[73,54],"tags":[],"class_list":["post-45570","post","type-post","status-publish","format-standard","hentry","category-actualite","category-maroc"],"_links":{"self":[{"href":"https:\/\/linitiative.ca\/International\/wp-json\/wp\/v2\/posts\/45570","targetHints":{"allow":["GET"]}}],"collection":[{"href":"https:\/\/linitiative.ca\/International\/wp-json\/wp\/v2\/posts"}],"about":[{"href":"https:\/\/linitiative.ca\/International\/wp-json\/wp\/v2\/types\/post"}],"author":[{"embeddable":true,"href":"https:\/\/linitiative.ca\/International\/wp-json\/wp\/v2\/users\/1760"}],"replies":[{"embeddable":true,"href":"https:\/\/linitiative.ca\/International\/wp-json\/wp\/v2\/comments?post=45570"}],"version-history":[{"count":0,"href":"https:\/\/linitiative.ca\/International\/wp-json\/wp\/v2\/posts\/45570\/revisions"}],"wp:attachment":[{"href":"https:\/\/linitiative.ca\/International\/wp-json\/wp\/v2\/media?parent=45570"}],"wp:term":[{"taxonomy":"category","embeddable":true,"href":"https:\/\/linitiative.ca\/International\/wp-json\/wp\/v2\/categories?post=45570"},{"taxonomy":"post_tag","embeddable":true,"href":"https:\/\/linitiative.ca\/International\/wp-json\/wp\/v2\/tags?post=45570"}],"curies":[{"name":"wp","href":"https:\/\/api.w.org\/{rel}","templated":true}]}}