{"id":45571,"date":"2019-07-11T06:05:47","date_gmt":"2019-07-11T10:05:47","guid":{"rendered":"https:\/\/linitiative.ca\/International\/nabila-maan-revisite-avec-brio-le-patrimoine-musical-maroco-andalou\/"},"modified":"2019-07-11T06:05:47","modified_gmt":"2019-07-11T10:05:47","slug":"nabila-maan-revisite-avec-brio-le-patrimoine-musical-maroco-andalou","status":"publish","type":"post","link":"https:\/\/linitiative.ca\/International\/nabila-maan-revisite-avec-brio-le-patrimoine-musical-maroco-andalou\/","title":{"rendered":"Nabila Ma\u00e2n revisite avec brio le patrimoine musical maroco-andalou"},"content":{"rendered":"<p class=\"c4\"><strong><span class=\"c2\">U<\/span><span class=\"c3\">ne soir\u00e9e \u00e0 la hauteur des attentes des fans \u00e0 \u00e9t\u00e9 offerte lundi dernier\u00a0 par l\u2019artiste marocaine Nabila Ma\u00e2n. Son vocal qui ne cesse d\u2019\u00e9mouvoir ses fans depuis son arriv\u00e9e dans la sph\u00e8re musicale a une fois de plus conquis ces derniers durant ce moment festif.<\/span><\/strong><\/p>\n<p class=\"c4\">L\u2019artiste aux multiples talents du fait qu\u2019elle soit en m\u00eame temps \u00a0chanteuse, compositrice et po\u00e8te a fait vibrer la soir\u00e9e avec brio. Cette\u00a0 sixi\u00e8me soir\u00e9e musicale de la 41\u00e8me \u00e9dition du Moussem culturel d\u2019Assilah, s\u2019est \u00e9blouie davantage avec la sublime voix de Nabila Ma\u00e2n tout en \u00a0revisitant la musique traditionnelle avec plusieurs colorations\u00a0: un m\u00e9lange savant de musique andalouse, du malhoun et du jazz.<\/p>\n<p class=\"c4\">Aussi, l\u2019artiste a \u00e9galement \u00a0interpr\u00e9t\u00e9 de c\u00e9l\u00e8bres po\u00e8mes du patrimoine maroco-andalou. Parmi lesquels, \u2018\u2019Ahssanta Ya laylou\u2019\u2019 ou \u2018\u2019Laghzal Fatma\u2019\u2019. Ces po\u00e8mes\u00a0 sont tr\u00e8s\u00a0 appr\u00e9ci\u00e9s. Et, seul un public averti y trouve du plaisir en\u00a0 \u00e9coutant ces cr\u00e9ations. D\u2019ailleurs, \u00e0 ce titre,\u00a0 des ovations n\u2019ont pas manqu\u00e9 de se faire valoir par le plus grand nombre, y compris des visiteurs \u00e9trangers qui y ont trouv\u00e9 dans la voix de Nabila Ma\u00e2n, l\u2019expression de la diversit\u00e9 et de la richesse du patrimoine musical marocain.<\/p>\n<p class=\"c4\">Dans une d\u00e9claration \u00e0 l\u2019Agence marocaine de presse (MAP), Nabila Ma\u00e2n \u00a0a donn\u00e9 son point de vue. Elle a exprim\u00e9 ses \u00e9motions par rapport \u00e0 son apport sur l\u2019\u00e9v\u00e8nement organis\u00e9 Elle s\u2019est dite tr\u00e8s heureuse de participer pour la deuxi\u00e8me ann\u00e9e cons\u00e9cutive \u00e0 cette manifestation culturelle. Par ailleurs, il convient de souligner que le public d\u2019Assilah est un grand amateur de l\u2019art distingu\u00e9 et engag\u00e9.<\/p>\n<p class=\"c4\">Nabila Ma\u00e2n a \u00e9galement fait parler son c\u0153ur. En tant que musicienne contemporaine, cette derni\u00e8re est en qu\u00eate permanente d\u2019une nouvelle conception de la musique traditionnelle marocaine. Bien \u00e9videmment dans le respect des sp\u00e9cificit\u00e9s de ce patrimoine tant pris\u00e9. En plus de s\u2019\u00eatre ouverte elle a aussi port\u00e9 \u00e0 la connaissance de son public la pr\u00e9paration de l\u2019arriv\u00e9e de son nouvel album. D\u2019apr\u00e8s ses dires, il s\u2019inscrira dans la m\u00eame\u00a0 lign\u00e9e connue de tous.<\/p>\n<p class=\"c4\">Rappelons que Nabila Ma\u00e2n \u00a0est descendante d\u2019une famille d\u2019origine andalouse qui s\u2019est install\u00e9e \u00e0 F\u00e8s. Elle \u00a0a \u00e9tudi\u00e9 la musique, la composition et appris \u00e0 jouer de la guitare \u00e0 cet endroit. Elle n\u2019avait que 16 ans lorsqu\u2019elle a r\u00e9alis\u00e9 sa premi\u00e8re chanson, \u00e9crite par sa s\u0153ur qui est devenue par la suite sa paroli\u00e8re pr\u00e9f\u00e9r\u00e9e. Elle a \u00e9t\u00e9 honor\u00e9e par Sa Majest\u00e9 le Roi Mohammed VI en 2015. L\u2019artiste\u00a0 a re\u00e7u un \u00a0wissam royal, \u00e0 l\u2019occasion du 52\u00e8me anniversaire de la F\u00eate de la jeunesse.<\/p>\n<p class=\"c4\">D\u2019autres artistes ont \u00e9galement donn\u00e9 vie \u00e0 cette soir\u00e9e. Notamment, le chanteur et compositeur angolais Chalo Correia, qui a gratifi\u00e9 le public des sons de la guitare traditionnelle angolaise, mari\u00e9s \u00e0 la samba br\u00e9silienne et \u00e0 l\u2019harmonica.<\/p>\n<p class=\"c4\">Le Moussem culturel d\u2019Assilah, plac\u00e9 sous le Haut patronage de SM le Roi Mohammed VI, s\u2019est engag\u00e9, depuis ses d\u00e9buts, il y a plus de quatre d\u00e9cennies, \u00e0 c\u00e9l\u00e9brer la cr\u00e9ativit\u00e9 en g\u00e9n\u00e9ral et en Afrique singuli\u00e8rement. Une cr\u00e9ativit\u00e9 qui englobe \u00e0 la fois la po\u00e9sie, la pens\u00e9e, la musique ou encore les arts plastiques.<\/p>\n<p class=\"c5\"><strong>Hajar Radi<\/strong> (MAP)<\/p>\n<p>Auteur: rahal mehamed<br \/>\n<a href=\"http:\/\/albayane.press.ma\/nabila-maan-revisite-avec-brio-le-patrimoine-musical-maroco-andalou.html\">Cliquez ici pour lire l&rsquo;article depuis sa source.<\/a><\/p>\n","protected":false},"excerpt":{"rendered":"<p>Une soir\u00e9e \u00e0 la hauteur des attentes des fans \u00e0 \u00e9t\u00e9 offerte lundi dernier\u00a0 par l\u2019artiste marocaine Nabila Ma\u00e2n. Son vocal qui ne cesse d\u2019\u00e9mouvoir ses fans depuis son arriv\u00e9e dans la sph\u00e8re musicale a une fois de plus conquis ces derniers durant ce moment festif. L\u2019artiste aux multiples talents du fait qu\u2019elle soit en [&hellip;]<\/p>\n","protected":false},"author":1760,"featured_media":0,"comment_status":"closed","ping_status":"closed","sticky":false,"template":"","format":"standard","meta":{"fifu_image_url":"","fifu_image_alt":"","footnotes":""},"categories":[73,54],"tags":[],"class_list":["post-45571","post","type-post","status-publish","format-standard","hentry","category-actualite","category-maroc"],"_links":{"self":[{"href":"https:\/\/linitiative.ca\/International\/wp-json\/wp\/v2\/posts\/45571","targetHints":{"allow":["GET"]}}],"collection":[{"href":"https:\/\/linitiative.ca\/International\/wp-json\/wp\/v2\/posts"}],"about":[{"href":"https:\/\/linitiative.ca\/International\/wp-json\/wp\/v2\/types\/post"}],"author":[{"embeddable":true,"href":"https:\/\/linitiative.ca\/International\/wp-json\/wp\/v2\/users\/1760"}],"replies":[{"embeddable":true,"href":"https:\/\/linitiative.ca\/International\/wp-json\/wp\/v2\/comments?post=45571"}],"version-history":[{"count":0,"href":"https:\/\/linitiative.ca\/International\/wp-json\/wp\/v2\/posts\/45571\/revisions"}],"wp:attachment":[{"href":"https:\/\/linitiative.ca\/International\/wp-json\/wp\/v2\/media?parent=45571"}],"wp:term":[{"taxonomy":"category","embeddable":true,"href":"https:\/\/linitiative.ca\/International\/wp-json\/wp\/v2\/categories?post=45571"},{"taxonomy":"post_tag","embeddable":true,"href":"https:\/\/linitiative.ca\/International\/wp-json\/wp\/v2\/tags?post=45571"}],"curies":[{"name":"wp","href":"https:\/\/api.w.org\/{rel}","templated":true}]}}