{"id":45574,"date":"2019-07-10T15:54:28","date_gmt":"2019-07-10T19:54:28","guid":{"rendered":"https:\/\/linitiative.ca\/International\/canicule-des-derniers-jours-pic-de-consommation-delectricite-a-4250-mw\/"},"modified":"2019-07-10T15:54:28","modified_gmt":"2019-07-10T19:54:28","slug":"canicule-des-derniers-jours-pic-de-consommation-delectricite-a-4250-mw","status":"publish","type":"post","link":"https:\/\/linitiative.ca\/International\/canicule-des-derniers-jours-pic-de-consommation-delectricite-a-4250-mw\/","title":{"rendered":"Canicule des derniers jours : Pic de consommation d\u2019\u00e9lectricit\u00e9 \u00e0 4250 MW"},"content":{"rendered":"<p>Le pic d\u2019\u00e9lectricit\u00e9 \u00e9tait attendu, surtout avec la canicule qui avaient s\u00e9vi, depuis pr\u00e8s de deux semaines et la fournaise quotidienne qui a \u00e9t\u00e9 v\u00e9cu. Toute le monde a suffoqu\u00e9 et, sans la climatisation, la chaleur aurait fait beaucoup des d\u00e9g\u00e2ts, surtout aupr\u00e8s des enfants et des personnes \u00e2g\u00e9es. Heureusement que les services de la m\u00e9t\u00e9orologie annoncent une accalmie, au moins pour quelques jours.<\/p>\n<div>Le thermom\u00e8tre n\u2019a pas cess\u00e9 de monter et les citoyens ont pri\u00e9, chaque jour, pour une accalmie et une baisse des temp\u00e9ratures. Ce qui est un peu le cas depuis hier. Mais, les jours pr\u00e9c\u00e9dents \u00e9taient un enfer, du nord au sud du pays qui a enregistr\u00e9, mardi \u00e0 13h.41h mn de l\u2019apr\u00e8s-midi, pour la premi\u00e8re fois, un record de consommation d\u2019\u00e9lectricit\u00e9, avec un pic de 4250 m\u00e9gawatts contre 4025 m\u00e9gawatts durant la m\u00eame p\u00e9riode de l\u2019ann\u00e9e derni\u00e8re, a indiqu\u00e9 Mounir Ghabri, directeur charg\u00e9 des relations avec le citoyen \u00e0 la Soci\u00e9t\u00e9 Tunisienne de l\u2019Electricit\u00e9 et du Gaz (STEG). Ce record de consommation est due \u00e0 une surutilisation des climatiseurs suite \u00e0 la vague de canicule \u00e9lev\u00e9e que conna\u00eet la Tunisie depuis quelques temps. Durant le mois de juillet courant, les temp\u00e9ratures ont d\u00e9pass\u00e9 les normales saisonni\u00e8res dans certaines r\u00e9gions du pays atteignant 45\u00b0C. D\u2019apr\u00e8s le responsable, la STEG a pr\u00e9vu un pic de 4200 m\u00e9gawatts durant cet \u00e9t\u00e9, soulignant que cette surconsommation a \u00e9t\u00e9 g\u00e9r\u00e9e avec succ\u00e8s gr\u00e2ce notamment aux deux centrales \u00e9lectriques de Borj El Amri et de Rad\u00e9s qui viennent d\u2019entrer en activit\u00e9.Et d\u2019ajouter que l\u2019\u00e9nergie totale cumul\u00e9e qui a atteint 5076 m\u00e9gawatts a \u00e9galement permis de faire face \u00e0 la demande. Le responsable a appel\u00e9 les citoyens \u00e0 ma\u00eetriser leur consommation en \u00e9nergie particuli\u00e8rement de 11h \u00e0 15h et \u00e0 r\u00e9gler la temp\u00e9rature du climatiseur \u00e0 26\u00b0c.Ainsi, cette situation donne la preuve qu\u2019on peut tout r\u00e9ussir, lorsqu\u2019il y a une bonne planification, une bonne pr\u00e9paration et une programmation adapt\u00e9e. Cela a \u00e9t\u00e9 le cas, cette fois-ci, avec la STEG et cela doit servir d\u2019exemple aux autres \u00e9tablissements publics, et ils sont nombreux o\u00f9 la planification fait d\u00e9faut.<\/div>\n<p class=\"dpsp-share-text\">Partager c&rsquo;est aimer!<\/p>\n<div class=\"wp-post-author-wrap wp-post-author-shortcode left\">\n<h3 class=\"awpa-title\"\/>\n<div class=\"wp-post-author\">\n<div class=\"awpa-img awpa-author-block square\"><a href=\"http:\/\/lexpertjournal.net\/fr\/author\/expert\/\"><img loading=\"lazy\" decoding=\"async\" alt=\"\" src=\"http:\/\/2.gravatar.com\/avatar\/56d99be2a6f97af88ccb49fada637fcd?s=150&#038;d=mm&#038;r=g\" srcset=\"http:\/\/2.gravatar.com\/avatar\/56d99be2a6f97af88ccb49fada637fcd?s=300&#038;d=mm&#038;r=g 2x\" class=\"avatar avatar-150 photo\" height=\"150\" width=\"150\"\/><\/a><\/div>\n<\/div>\n<\/div>\n<p>Auteur: L&rsquo;expert<br \/>\n<a href=\"http:\/\/lexpertjournal.net\/fr\/2019\/07\/10\/canicule-des-derniers-jours-pic-de-consommation-delectricite-a-4250-mw\/\">Cliquez ici pour lire l&rsquo;article depuis sa source.<\/a><\/p>\n","protected":false},"excerpt":{"rendered":"<p>Le pic d\u2019\u00e9lectricit\u00e9 \u00e9tait attendu, surtout avec la canicule qui avaient s\u00e9vi, depuis pr\u00e8s de deux semaines et la fournaise quotidienne qui a \u00e9t\u00e9 v\u00e9cu. Toute le monde a suffoqu\u00e9 et, sans la climatisation, la chaleur aurait fait beaucoup des d\u00e9g\u00e2ts, surtout aupr\u00e8s des enfants et des personnes \u00e2g\u00e9es. Heureusement que les services de la [&hellip;]<\/p>\n","protected":false},"author":1775,"featured_media":0,"comment_status":"closed","ping_status":"closed","sticky":false,"template":"","format":"standard","meta":{"fifu_image_url":"","fifu_image_alt":"","footnotes":""},"categories":[78,55],"tags":[],"class_list":["post-45574","post","type-post","status-publish","format-standard","hentry","category-economie","category-tunisie"],"_links":{"self":[{"href":"https:\/\/linitiative.ca\/International\/wp-json\/wp\/v2\/posts\/45574","targetHints":{"allow":["GET"]}}],"collection":[{"href":"https:\/\/linitiative.ca\/International\/wp-json\/wp\/v2\/posts"}],"about":[{"href":"https:\/\/linitiative.ca\/International\/wp-json\/wp\/v2\/types\/post"}],"author":[{"embeddable":true,"href":"https:\/\/linitiative.ca\/International\/wp-json\/wp\/v2\/users\/1775"}],"replies":[{"embeddable":true,"href":"https:\/\/linitiative.ca\/International\/wp-json\/wp\/v2\/comments?post=45574"}],"version-history":[{"count":0,"href":"https:\/\/linitiative.ca\/International\/wp-json\/wp\/v2\/posts\/45574\/revisions"}],"wp:attachment":[{"href":"https:\/\/linitiative.ca\/International\/wp-json\/wp\/v2\/media?parent=45574"}],"wp:term":[{"taxonomy":"category","embeddable":true,"href":"https:\/\/linitiative.ca\/International\/wp-json\/wp\/v2\/categories?post=45574"},{"taxonomy":"post_tag","embeddable":true,"href":"https:\/\/linitiative.ca\/International\/wp-json\/wp\/v2\/tags?post=45574"}],"curies":[{"name":"wp","href":"https:\/\/api.w.org\/{rel}","templated":true}]}}