{"id":45575,"date":"2019-07-10T16:18:33","date_gmt":"2019-07-10T20:18:33","guid":{"rendered":"https:\/\/linitiative.ca\/International\/prochaines-elections-legislatives-luds-en-lice-dans-toutes-les-circonscriptions\/"},"modified":"2019-07-10T16:18:33","modified_gmt":"2019-07-10T20:18:33","slug":"prochaines-elections-legislatives-luds-en-lice-dans-toutes-les-circonscriptions","status":"publish","type":"post","link":"https:\/\/linitiative.ca\/International\/prochaines-elections-legislatives-luds-en-lice-dans-toutes-les-circonscriptions\/","title":{"rendered":"Prochaines \u00e9lections l\u00e9gislatives : L\u2019UDS en lice dans toutes les circonscriptions"},"content":{"rendered":"<p>L\u2019Union d\u00e9mocratique sociale (UDS), une coalition politique et \u00e9lectorale compos\u00e9e de cinq formations politiques et d\u2019intellectuels, a annonc\u00e9 mardi son intention de se pr\u00e9senter dans toutes les circonscriptions lors des prochaines \u00e9lections l\u00e9gislatives.<\/p>\n<div>Elle a indiqu\u00e9 qu\u2019elle se pr\u00e9pare \u00e0 ces \u00e9ch\u00e9ances \u00e9lectorales en installant ses coordinations r\u00e9gionales et \u00e9largissant les consultations sur les listes \u00e9lectorales.Dans une d\u00e9claration, l\u2019UDS a indiqu\u00e9 que les r\u00e9gions veilleront \u00e0 former les listes de leurs candidats \u00ab sans parachutage \u00bb, sur la base de propositions des cinq composantes de la coalition \u00ab ouverte \u00e0 toutes les comp\u00e9tences, personnalit\u00e9s, syndicalistes et militants de la soci\u00e9t\u00e9 civile en dehors de ces composantes et en accord avec lui sur le terrain politique \u00bb.L\u2019UDS a soulign\u00e9 que la s\u00e9lection des candidats reposera sur \u00ab des conditions et crit\u00e8res objectifs, une approche d\u00e9mocratique et des m\u00e9canismes participatifs pr\u00e9vus par le r\u00e8glement int\u00e9rieur de l\u2019Union \u00bb, soulignant que la candidature \u00e0 la pr\u00e9sidence \u00ab est soumise \u00e0 la m\u00eame approche d\u00e9mocratique et repose sur les propositions de ses composantes \u00bb. \u00ab Les candidatures \u00e0 ce scrutin pr\u00e9sidentiel seront examin\u00e9es au moment opportun par le biais d\u2019\u00e9lections primaires ouvertes et dans le cadre d\u2019une dynamique que l\u2019Union cherche \u00e0 cr\u00e9er \u00bb, ajoute la d\u00e9claration.L\u2019Union d\u00e9mocratique sociale a soulign\u00e9 qu\u2019 \u00bbelle est d\u00e9termin\u00e9e \u00e0 r\u00e9ussir et \u00e0 engager les prochaines \u00e9ch\u00e9ances \u00e9lectorales dans l\u2019union des ses rangs, des groupes et des individus appartenant \u00e0 la famille sociale-d\u00e9mocrate, proposer des alternatives et \u0153uvrer pour contribuer efficacement \u00e0 sortir le pays de la crise politique qui l\u2019a exacerb\u00e9 ainsi que de sa situation \u00e9conomique et sociale qui asphyxie la classe moyenne \u00bb.L\u2019UDS est une alliance politique et \u00e9lectorale qui comprend le Courant social-d\u00e9mocrate, le Parti r\u00e9publicain, le mouvement \u00ab la Tunisie en avant \u00bb, Al Massar, ainsi que la coalition \u00ab Kadiroune \u00bb.Les \u00e9lections l\u00e9gislatives tunisiennes de 2019 doivent se tenir le 6 octobre afin d\u2019\u00e9lire l\u2019Assembl\u00e9e des repr\u00e9sentants du peuple pour un mandat de cinq ans, rappelle-t-on. L\u2019\u00e9lection pr\u00e9sidentielle doit avoir lieu le 17 novembre 2019. Si aucun candidat ne remporte la majorit\u00e9 absolue au premier tour, un deuxi\u00e8me tour a lieu quinze jours plus tard.<\/div>\n<p class=\"dpsp-share-text\">Partager c&rsquo;est aimer!<\/p>\n<div class=\"wp-post-author-wrap wp-post-author-shortcode left\">\n<h3 class=\"awpa-title\"\/>\n<div class=\"wp-post-author\">\n<div class=\"awpa-img awpa-author-block square\"><a href=\"http:\/\/lexpertjournal.net\/fr\/author\/expert\/\"><img loading=\"lazy\" decoding=\"async\" alt=\"\" src=\"http:\/\/2.gravatar.com\/avatar\/56d99be2a6f97af88ccb49fada637fcd?s=150&#038;d=mm&#038;r=g\" srcset=\"http:\/\/2.gravatar.com\/avatar\/56d99be2a6f97af88ccb49fada637fcd?s=300&#038;d=mm&#038;r=g 2x\" class=\"avatar avatar-150 photo\" height=\"150\" width=\"150\"\/><\/a><\/div>\n<\/div>\n<\/div>\n<p>Auteur: L&rsquo;expert<br \/>\n<a href=\"http:\/\/lexpertjournal.net\/fr\/2019\/07\/10\/prochaines-elections-legislatives-luds-en-lice-dans-toutes-les-circonscriptions\/\">Cliquez ici pour lire l&rsquo;article depuis sa source.<\/a><\/p>\n","protected":false},"excerpt":{"rendered":"<p>L\u2019Union d\u00e9mocratique sociale (UDS), une coalition politique et \u00e9lectorale compos\u00e9e de cinq formations politiques et d\u2019intellectuels, a annonc\u00e9 mardi son intention de se pr\u00e9senter dans toutes les circonscriptions lors des prochaines \u00e9lections l\u00e9gislatives. Elle a indiqu\u00e9 qu\u2019elle se pr\u00e9pare \u00e0 ces \u00e9ch\u00e9ances \u00e9lectorales en installant ses coordinations r\u00e9gionales et \u00e9largissant les consultations sur les listes [&hellip;]<\/p>\n","protected":false},"author":1775,"featured_media":0,"comment_status":"closed","ping_status":"closed","sticky":false,"template":"","format":"standard","meta":{"fifu_image_url":"","fifu_image_alt":"","footnotes":""},"categories":[78,55],"tags":[],"class_list":["post-45575","post","type-post","status-publish","format-standard","hentry","category-economie","category-tunisie"],"_links":{"self":[{"href":"https:\/\/linitiative.ca\/International\/wp-json\/wp\/v2\/posts\/45575","targetHints":{"allow":["GET"]}}],"collection":[{"href":"https:\/\/linitiative.ca\/International\/wp-json\/wp\/v2\/posts"}],"about":[{"href":"https:\/\/linitiative.ca\/International\/wp-json\/wp\/v2\/types\/post"}],"author":[{"embeddable":true,"href":"https:\/\/linitiative.ca\/International\/wp-json\/wp\/v2\/users\/1775"}],"replies":[{"embeddable":true,"href":"https:\/\/linitiative.ca\/International\/wp-json\/wp\/v2\/comments?post=45575"}],"version-history":[{"count":0,"href":"https:\/\/linitiative.ca\/International\/wp-json\/wp\/v2\/posts\/45575\/revisions"}],"wp:attachment":[{"href":"https:\/\/linitiative.ca\/International\/wp-json\/wp\/v2\/media?parent=45575"}],"wp:term":[{"taxonomy":"category","embeddable":true,"href":"https:\/\/linitiative.ca\/International\/wp-json\/wp\/v2\/categories?post=45575"},{"taxonomy":"post_tag","embeddable":true,"href":"https:\/\/linitiative.ca\/International\/wp-json\/wp\/v2\/tags?post=45575"}],"curies":[{"name":"wp","href":"https:\/\/api.w.org\/{rel}","templated":true}]}}