{"id":45576,"date":"2019-07-10T16:32:24","date_gmt":"2019-07-10T20:32:24","guid":{"rendered":"https:\/\/linitiative.ca\/International\/remadainterception-de-deux-voitures-de-contrebande\/"},"modified":"2019-07-10T16:32:24","modified_gmt":"2019-07-10T20:32:24","slug":"remadainterception-de-deux-voitures-de-contrebande","status":"publish","type":"post","link":"https:\/\/linitiative.ca\/International\/remadainterception-de-deux-voitures-de-contrebande\/","title":{"rendered":"Remada:Interception de deux voitures de contrebande"},"content":{"rendered":"<p>Les unit\u00e9s militaires d\u00e9ploy\u00e9es dans la zone de Remada, gouvernorat de Tataouine ont intercept\u00e9, mardi, deux voitures de contrebande venant de Libye.<\/p>\n<p>Les deux voitures ont \u00e9t\u00e9 intercept\u00e9es \u00e0 l\u2019int\u00e9rieur de la zone tampon frontali\u00e8re avec \u00e0 bord 4 ressortissants maghr\u00e9bins, indique hier un communiqu\u00e9 du minist\u00e8re de la D\u00e9fense.<\/p>\n<p>L\u2019inspection des deux voitures a permis de d\u00e9couvrir 7264 pi\u00e8ces de feu d\u2019artifice d\u2019un montant global de 580 mille dinars. Les interpell\u00e9s et les objets saisis ont \u00e9t\u00e9 remis \u00e0 la Garde nationale de Remada pour compl\u00e9ter les proc\u00e9dures judiciaires.<\/p>\n<p>Le minist\u00e8re de la D\u00e9fense annonce \u00e9galement la d\u00e9couverte mardi de 5 obus datant de la deuxi\u00e8me guerre mondiale. Un obus d\u00e9couvert \u00e0 Zaghouan et les 4 autres dans une carri\u00e8re de pierres \u00e0 Gab\u00e8s.<\/p>\n<p>Les structures militaires sp\u00e9cialis\u00e9es continuent \u00e0 transporter la r\u00e9colte des c\u00e9r\u00e9ales pour la saison 2019. Quelques 1900 tonnes de bl\u00e9 ont \u00e9t\u00e9 ainsi achemin\u00e9es par l\u2019arm\u00e9e nationale, apprend-on de m\u00eame source.<\/p>\n<p class=\"dpsp-share-text\">Partager c&rsquo;est aimer!<\/p>\n<div class=\"wp-post-author-wrap wp-post-author-shortcode left\">\n<h3 class=\"awpa-title\"\/>\n<div class=\"wp-post-author\">\n<div class=\"awpa-img awpa-author-block square\"><a href=\"http:\/\/lexpertjournal.net\/fr\/author\/expert\/\"><img loading=\"lazy\" decoding=\"async\" alt=\"\" src=\"http:\/\/2.gravatar.com\/avatar\/56d99be2a6f97af88ccb49fada637fcd?s=150&#038;d=mm&#038;r=g\" srcset=\"http:\/\/2.gravatar.com\/avatar\/56d99be2a6f97af88ccb49fada637fcd?s=300&#038;d=mm&#038;r=g 2x\" class=\"avatar avatar-150 photo\" height=\"150\" width=\"150\"\/><\/a><\/div>\n<\/div>\n<\/div>\n<p>Auteur: L&rsquo;expert<br \/>\n<a href=\"http:\/\/lexpertjournal.net\/fr\/2019\/07\/10\/remadainterception-de-deux-voitures-de-contrebande\/\">Cliquez ici pour lire l&rsquo;article depuis sa source.<\/a><\/p>\n","protected":false},"excerpt":{"rendered":"<p>Les unit\u00e9s militaires d\u00e9ploy\u00e9es dans la zone de Remada, gouvernorat de Tataouine ont intercept\u00e9, mardi, deux voitures de contrebande venant de Libye. Les deux voitures ont \u00e9t\u00e9 intercept\u00e9es \u00e0 l\u2019int\u00e9rieur de la zone tampon frontali\u00e8re avec \u00e0 bord 4 ressortissants maghr\u00e9bins, indique hier un communiqu\u00e9 du minist\u00e8re de la D\u00e9fense. L\u2019inspection des deux voitures a [&hellip;]<\/p>\n","protected":false},"author":1775,"featured_media":0,"comment_status":"closed","ping_status":"closed","sticky":false,"template":"","format":"standard","meta":{"fifu_image_url":"","fifu_image_alt":"","footnotes":""},"categories":[78,55],"tags":[],"class_list":["post-45576","post","type-post","status-publish","format-standard","hentry","category-economie","category-tunisie"],"_links":{"self":[{"href":"https:\/\/linitiative.ca\/International\/wp-json\/wp\/v2\/posts\/45576","targetHints":{"allow":["GET"]}}],"collection":[{"href":"https:\/\/linitiative.ca\/International\/wp-json\/wp\/v2\/posts"}],"about":[{"href":"https:\/\/linitiative.ca\/International\/wp-json\/wp\/v2\/types\/post"}],"author":[{"embeddable":true,"href":"https:\/\/linitiative.ca\/International\/wp-json\/wp\/v2\/users\/1775"}],"replies":[{"embeddable":true,"href":"https:\/\/linitiative.ca\/International\/wp-json\/wp\/v2\/comments?post=45576"}],"version-history":[{"count":0,"href":"https:\/\/linitiative.ca\/International\/wp-json\/wp\/v2\/posts\/45576\/revisions"}],"wp:attachment":[{"href":"https:\/\/linitiative.ca\/International\/wp-json\/wp\/v2\/media?parent=45576"}],"wp:term":[{"taxonomy":"category","embeddable":true,"href":"https:\/\/linitiative.ca\/International\/wp-json\/wp\/v2\/categories?post=45576"},{"taxonomy":"post_tag","embeddable":true,"href":"https:\/\/linitiative.ca\/International\/wp-json\/wp\/v2\/tags?post=45576"}],"curies":[{"name":"wp","href":"https:\/\/api.w.org\/{rel}","templated":true}]}}