{"id":45578,"date":"2019-07-11T09:45:59","date_gmt":"2019-07-11T13:45:59","guid":{"rendered":"https:\/\/linitiative.ca\/International\/algerie-lex-ministre-youcef-yousfi-place-sous-controle-judiciaire\/"},"modified":"2019-07-11T09:45:59","modified_gmt":"2019-07-11T13:45:59","slug":"algerie-lex-ministre-youcef-yousfi-place-sous-controle-judiciaire","status":"publish","type":"post","link":"https:\/\/linitiative.ca\/International\/algerie-lex-ministre-youcef-yousfi-place-sous-controle-judiciaire\/","title":{"rendered":"Alg\u00e9rie : L\u2019ex-ministre Youcef Yousfi plac\u00e9 sous contr\u00f4le judiciaire"},"content":{"rendered":"<p>L\u2019ANCIEN MINISTRE ALG\u00c9RIEN DE L\u2019INDUSTRIE ET DES MINES, YOUCEF YOUSFI, A \u00c9T\u00c9 PLAC\u00c9, CE MERCREDI 10 JUILLET, SOUS CONTR\u00d4LE JUDICIAIRE PAR LE JUGE ENQU\u00caTEUR PR\u00c8S LA COUR SUPR\u00caME.<\/p>\n<p>Le placement de Youcef Yousfi sous contr\u00f4le judiciaire intervient apr\u00e8s son audition dans le cadre d\u2019une enqu\u00eate li\u00e9e \u00e0 des affaires de corruption, souligne la Cour supr\u00eame dans un communiqu\u00e9.<\/p>\n<p>L\u2019ancien ministre fait face \u00e0 plusieurs chefs d\u2019accusation concernant notamment \u00ab\u00a0l\u2019octroi d\u2019indus avantages au titre de l\u2019octroi de march\u00e9s publics et de contrats en violation des dispositions l\u00e9gislatives, dilapidation de deniers publics, abus de pouvoir et de fonction\u00a0\u00bb.<\/p>\n<p>(Avec MAP)<\/p>\n<p class=\"dpsp-share-text\">Partager c&rsquo;est aimer!<\/p>\n<div class=\"wp-post-author-wrap wp-post-author-shortcode left\">\n<h3 class=\"awpa-title\"\/>\n<div class=\"wp-post-author\">\n<div class=\"awpa-img awpa-author-block square\"><a href=\"http:\/\/lexpertjournal.net\/fr\/author\/expert\/\"><img loading=\"lazy\" decoding=\"async\" alt=\"\" src=\"http:\/\/2.gravatar.com\/avatar\/56d99be2a6f97af88ccb49fada637fcd?s=150&#038;d=mm&#038;r=g\" srcset=\"http:\/\/2.gravatar.com\/avatar\/56d99be2a6f97af88ccb49fada637fcd?s=300&#038;d=mm&#038;r=g 2x\" class=\"avatar avatar-150 photo\" height=\"150\" width=\"150\"\/><\/a><\/div>\n<\/div>\n<\/div>\n<p>Auteur: L&rsquo;expert<br \/>\n<a href=\"http:\/\/lexpertjournal.net\/fr\/2019\/07\/11\/algerie-lex-ministre-youcef-yousfi-place-sous-controle-judiciaire\/\">Cliquez ici pour lire l&rsquo;article depuis sa source.<\/a><\/p>\n","protected":false},"excerpt":{"rendered":"<p>L\u2019ANCIEN MINISTRE ALG\u00c9RIEN DE L\u2019INDUSTRIE ET DES MINES, YOUCEF YOUSFI, A \u00c9T\u00c9 PLAC\u00c9, CE MERCREDI 10 JUILLET, SOUS CONTR\u00d4LE JUDICIAIRE PAR LE JUGE ENQU\u00caTEUR PR\u00c8S LA COUR SUPR\u00caME. Le placement de Youcef Yousfi sous contr\u00f4le judiciaire intervient apr\u00e8s son audition dans le cadre d\u2019une enqu\u00eate li\u00e9e \u00e0 des affaires de corruption, souligne la Cour supr\u00eame [&hellip;]<\/p>\n","protected":false},"author":1775,"featured_media":0,"comment_status":"closed","ping_status":"closed","sticky":false,"template":"","format":"standard","meta":{"fifu_image_url":"","fifu_image_alt":"","footnotes":""},"categories":[78,55],"tags":[],"class_list":["post-45578","post","type-post","status-publish","format-standard","hentry","category-economie","category-tunisie"],"_links":{"self":[{"href":"https:\/\/linitiative.ca\/International\/wp-json\/wp\/v2\/posts\/45578","targetHints":{"allow":["GET"]}}],"collection":[{"href":"https:\/\/linitiative.ca\/International\/wp-json\/wp\/v2\/posts"}],"about":[{"href":"https:\/\/linitiative.ca\/International\/wp-json\/wp\/v2\/types\/post"}],"author":[{"embeddable":true,"href":"https:\/\/linitiative.ca\/International\/wp-json\/wp\/v2\/users\/1775"}],"replies":[{"embeddable":true,"href":"https:\/\/linitiative.ca\/International\/wp-json\/wp\/v2\/comments?post=45578"}],"version-history":[{"count":0,"href":"https:\/\/linitiative.ca\/International\/wp-json\/wp\/v2\/posts\/45578\/revisions"}],"wp:attachment":[{"href":"https:\/\/linitiative.ca\/International\/wp-json\/wp\/v2\/media?parent=45578"}],"wp:term":[{"taxonomy":"category","embeddable":true,"href":"https:\/\/linitiative.ca\/International\/wp-json\/wp\/v2\/categories?post=45578"},{"taxonomy":"post_tag","embeddable":true,"href":"https:\/\/linitiative.ca\/International\/wp-json\/wp\/v2\/tags?post=45578"}],"curies":[{"name":"wp","href":"https:\/\/api.w.org\/{rel}","templated":true}]}}