{"id":45583,"date":"2019-07-11T13:04:08","date_gmt":"2019-07-11T17:04:08","guid":{"rendered":"https:\/\/linitiative.ca\/International\/festival-de-la-chanson-oranaise-creation-du-prix-blaoui-el-houari\/"},"modified":"2019-07-11T13:04:08","modified_gmt":"2019-07-11T17:04:08","slug":"festival-de-la-chanson-oranaise-creation-du-prix-blaoui-el-houari","status":"publish","type":"post","link":"https:\/\/linitiative.ca\/International\/festival-de-la-chanson-oranaise-creation-du-prix-blaoui-el-houari\/","title":{"rendered":"Festival de la chanson oranaise : cr\u00e9ation du prix \u00ab\u00a0Blaoui El Houari\u00a0\u00bb"},"content":{"rendered":"<div>\n<div class=\"K2FeedImage\"><img decoding=\"async\" src=\"http:\/\/www.aps.dz\/media\/k2\/items\/cache\/8b7dda22f97bc918e97cf0292ac54beb_S.jpg\" alt=\"Festival de la chanson oranaise : cr\u00e9ation du prix \" blaoui el houari><\/div>\n<div class=\"K2FeedIntroText\">\n<p><strong>ORAN, 10 juil 2019 (APS) &#8211; Le prix \u00ab\u00a0Blaoui El Houari\u00a0\u00bb d\u2019une valeur d\u2019un million DA est la nouveaut\u00e9 de la 12e \u00e9dition du festival de la musique et de la chanson oranaises pr\u00e9vue \u00e0 Oran du 20 au 24 juillet en cours, a-t-on appris mercredi de la direction locale de la culture, organisatrice de l\u2019\u00e9v\u00e8nement.<\/strong><\/p>\n<\/div>\n<div class=\"K2FeedFullText\">\n<p>N\u00e9 \u00e0 Oran le 23 janvier 1923 et mort le 19 juillet 2017, le d\u00e9funt est l&rsquo;un des fondateurs avec Ahmed Wahby du genre musical nomm\u00e9 El Asri, un genre nouveau n\u00e9 \u00e0 Oran dans les ann\u00e9es 1940 et influenc\u00e9 par la musique arabe traditionnelle orientale avec un langage po\u00e9tique typiquement oranais. Il a r\u00e9volutionn\u00e9 et modernis\u00e9 la musique bedouie.<\/p>\n<p>Plusieurs artistes amateurs sp\u00e9cialis\u00e9s dans la chanson oranaise prendront part au concours pour l\u2019obtention du prix \u00ab\u00a0Blaoui El Houari\u00a0\u00bb, d\u00e9di\u00e9 par l\u2019office national des droits d\u2019auteur et droits voisins, selon le commissariat du festival.<\/p>\n<p>Les jeunes chanteurs vers\u00e9s dans ce genre artistique ont du passer par des tours pr\u00e9liminaires d\u2019un concours, organis\u00e9 pour la circonstance tout au long des pr\u00e9c\u00e9dentes semaines, pour valider leurs billets pour cette phase finale, rappelle-t-on.<\/p>\n<p>Pour cette 12e \u00e9dition, pr\u00e9vue au th\u00e9\u00e2tre r\u00e9gional \u00ab\u00a0Abdelkader Alloula\u00a0\u00bb, les organisateurs ont \u00e9labor\u00e9 un riche programme, avec la participation de quelques vedettes de ce genre musical, \u00e0 l\u2019image de Houari Benchennat, Baroudi Bekhedda, Souad Bouali et Houria Baba, pr\u00e9cise-t-on.<\/p>\n<p>Lors de cette manifestation, des troupes de bedoui se produiront aussi. Elles sont attendues de diff\u00e9rentes wilayas de l\u2019Ouest du pays, \u00e0 l\u2019image d\u2019Oran, Relizane, Chlef, Tiaret et Mostaganem, souligne-t-on encore.<\/p>\n<p>Les vainqueurs seront prim\u00e9s lors de la c\u00e9r\u00e9monie de cl\u00f4ture, souligne-t-on encore de m\u00eame source.<\/p>\n<\/div>\n<\/div>\n<p>Auteur:<br \/>\n<a href=\"http:\/\/www.aps.dz\/culture\/91709-festival-de-la-chanson-oranaise-creation-du-prix-blaoui-el-houari\">Cliquez ici pour lire l&rsquo;article depuis sa source.<\/a><\/p>\n","protected":false},"excerpt":{"rendered":"<p>ORAN, 10 juil 2019 (APS) &#8211; Le prix \u00ab\u00a0Blaoui El Houari\u00a0\u00bb d\u2019une valeur d\u2019un million DA est la nouveaut\u00e9 de la 12e \u00e9dition du festival de la musique et de la chanson oranaises pr\u00e9vue \u00e0 Oran du 20 au 24 juillet en cours, a-t-on appris mercredi de la direction locale de la culture, organisatrice de [&hellip;]<\/p>\n","protected":false},"author":1790,"featured_media":45584,"comment_status":"closed","ping_status":"closed","sticky":false,"template":"","format":"standard","meta":{"fifu_image_url":"","fifu_image_alt":"","footnotes":""},"categories":[53,79],"tags":[],"class_list":["post-45583","post","type-post","status-publish","format-standard","has-post-thumbnail","hentry","category-algerie","category-culture"],"_links":{"self":[{"href":"https:\/\/linitiative.ca\/International\/wp-json\/wp\/v2\/posts\/45583","targetHints":{"allow":["GET"]}}],"collection":[{"href":"https:\/\/linitiative.ca\/International\/wp-json\/wp\/v2\/posts"}],"about":[{"href":"https:\/\/linitiative.ca\/International\/wp-json\/wp\/v2\/types\/post"}],"author":[{"embeddable":true,"href":"https:\/\/linitiative.ca\/International\/wp-json\/wp\/v2\/users\/1790"}],"replies":[{"embeddable":true,"href":"https:\/\/linitiative.ca\/International\/wp-json\/wp\/v2\/comments?post=45583"}],"version-history":[{"count":0,"href":"https:\/\/linitiative.ca\/International\/wp-json\/wp\/v2\/posts\/45583\/revisions"}],"wp:featuredmedia":[{"embeddable":true,"href":"https:\/\/linitiative.ca\/International\/wp-json\/"}],"wp:attachment":[{"href":"https:\/\/linitiative.ca\/International\/wp-json\/wp\/v2\/media?parent=45583"}],"wp:term":[{"taxonomy":"category","embeddable":true,"href":"https:\/\/linitiative.ca\/International\/wp-json\/wp\/v2\/categories?post=45583"},{"taxonomy":"post_tag","embeddable":true,"href":"https:\/\/linitiative.ca\/International\/wp-json\/wp\/v2\/tags?post=45583"}],"curies":[{"name":"wp","href":"https:\/\/api.w.org\/{rel}","templated":true}]}}