{"id":45591,"date":"2019-07-11T06:00:00","date_gmt":"2019-07-11T10:00:00","guid":{"rendered":"https:\/\/linitiative.ca\/International\/mouvement-dans-le-corps-des-directeurs\/"},"modified":"2019-07-11T06:00:00","modified_gmt":"2019-07-11T10:00:00","slug":"mouvement-dans-le-corps-des-directeurs","status":"publish","type":"post","link":"https:\/\/linitiative.ca\/International\/mouvement-dans-le-corps-des-directeurs\/","title":{"rendered":"Mouvement dans le corps des directeurs"},"content":{"rendered":"<div id=\"originalText\" readability=\"46\">\n<p class=\"c10\">Afin d\u2019insuffler une dynamique nouvelle et assurer une gestion efficiente et plus rationnelle des \u00e9tablissements publics hospitaliers et des centres de sant\u00e9 de proximit\u00e9, il a \u00e9t\u00e9 op\u00e9r\u00e9, cette semaine, un mouvement dans le corps des directeurs des structures de sant\u00e9 \u00e0 travers la wilaya de Tlemcen. Les localit\u00e9s de Ouled Mimoun, Sebdou, Bab El-Assa, Remchi et Ghazaouet sont concern\u00e9es par cette d\u00e9marche qui est le r\u00e9sultat, d\u2019une part, de l\u2019ach\u00e8vement de la dur\u00e9e de cinq ans \u00e0 la t\u00eate d\u2019un \u00e9tablissement de sant\u00e9 et, d\u2019autre part, d\u2019un suivi r\u00e9v\u00e9lant quelques anomalies de gestion et de manque d\u2019organisation constat\u00e9es dans certaines structures, notamment au niveau de l\u2019\u00e9tablissement de Sebdou o\u00f9 les travailleurs se sont insurg\u00e9s contre leur directeur accus\u00e9 de mauvaise gestion. Ceci devrait rem\u00e9dier aux carences du syst\u00e8me sanitaire au sein de la wilaya.\u00a0 Ce mouvement a vocation \u00e0 concr\u00e9tiser la strat\u00e9gie dans le domaine de la gestion administrative et de la prise en charge m\u00e9dicale devant permettre de garantir un service public qui soit \u00e0 la hauteur des aspirations l\u00e9gitimes des malades.<br \/>\u00a0<\/p>\n<p class=\"c11\"><strong>B. A.<\/strong><\/p>\n<\/div>\n<div id=\"text_core\" readability=\"46\">\n<p class=\"c10\">Afin d\u2019insuffler une dynamique nouvelle et assurer une gestion efficiente et plus rationnelle des \u00e9tablissements publics hospitaliers et des centres de sant\u00e9 de proximit\u00e9, il a \u00e9t\u00e9 op\u00e9r\u00e9, cette semaine, un mouvement dans le corps des directeurs des structures de sant\u00e9 \u00e0 travers la wilaya de Tlemcen. Les localit\u00e9s de Ouled Mimoun, Sebdou, Bab El-Assa, Remchi et Ghazaouet sont concern\u00e9es par cette d\u00e9marche qui est le r\u00e9sultat, d\u2019une part, de l\u2019ach\u00e8vement de la dur\u00e9e de cinq ans \u00e0 la t\u00eate d\u2019un \u00e9tablissement de sant\u00e9 et, d\u2019autre part, d\u2019un suivi r\u00e9v\u00e9lant quelques anomalies de gestion et de manque d\u2019organisation constat\u00e9es dans certaines structures, notamment au niveau de l\u2019\u00e9tablissement de Sebdou o\u00f9 les travailleurs se sont insurg\u00e9s contre leur directeur accus\u00e9 de mauvaise gestion. Ceci devrait rem\u00e9dier aux carences du syst\u00e8me sanitaire au sein de la wilaya.\u00a0 Ce mouvement a vocation \u00e0 concr\u00e9tiser la strat\u00e9gie dans le domaine de la gestion administrative et de la prise en charge m\u00e9dicale devant permettre de garantir un service public qui soit \u00e0 la hauteur des aspirations l\u00e9gitimes des malades.<br \/>\u00a0<\/p>\n<p class=\"c11\"><strong>B. A.<\/strong><\/p>\n<\/div>\n<p>Auteur:<br \/>\n<a href=\"https:\/\/www.liberte-algerie.com\/ouest\/mouvement-dans-le-corps-des-directeurs-319750\">Cliquez ici pour lire l&rsquo;article depuis sa source.<\/a><\/p>\n","protected":false},"excerpt":{"rendered":"<p>Afin d\u2019insuffler une dynamique nouvelle et assurer une gestion efficiente et plus rationnelle des \u00e9tablissements publics hospitaliers et des centres de sant\u00e9 de proximit\u00e9, il a \u00e9t\u00e9 op\u00e9r\u00e9, cette semaine, un mouvement dans le corps des directeurs des structures de sant\u00e9 \u00e0 travers la wilaya de Tlemcen. Les localit\u00e9s de Ouled Mimoun, Sebdou, Bab El-Assa, [&hellip;]<\/p>\n","protected":false},"author":1742,"featured_media":0,"comment_status":"closed","ping_status":"closed","sticky":false,"template":"","format":"standard","meta":{"fifu_image_url":"","fifu_image_alt":"","footnotes":""},"categories":[73,53],"tags":[],"class_list":["post-45591","post","type-post","status-publish","format-standard","hentry","category-actualite","category-algerie"],"_links":{"self":[{"href":"https:\/\/linitiative.ca\/International\/wp-json\/wp\/v2\/posts\/45591","targetHints":{"allow":["GET"]}}],"collection":[{"href":"https:\/\/linitiative.ca\/International\/wp-json\/wp\/v2\/posts"}],"about":[{"href":"https:\/\/linitiative.ca\/International\/wp-json\/wp\/v2\/types\/post"}],"author":[{"embeddable":true,"href":"https:\/\/linitiative.ca\/International\/wp-json\/wp\/v2\/users\/1742"}],"replies":[{"embeddable":true,"href":"https:\/\/linitiative.ca\/International\/wp-json\/wp\/v2\/comments?post=45591"}],"version-history":[{"count":0,"href":"https:\/\/linitiative.ca\/International\/wp-json\/wp\/v2\/posts\/45591\/revisions"}],"wp:attachment":[{"href":"https:\/\/linitiative.ca\/International\/wp-json\/wp\/v2\/media?parent=45591"}],"wp:term":[{"taxonomy":"category","embeddable":true,"href":"https:\/\/linitiative.ca\/International\/wp-json\/wp\/v2\/categories?post=45591"},{"taxonomy":"post_tag","embeddable":true,"href":"https:\/\/linitiative.ca\/International\/wp-json\/wp\/v2\/tags?post=45591"}],"curies":[{"name":"wp","href":"https:\/\/api.w.org\/{rel}","templated":true}]}}