{"id":45592,"date":"2019-07-11T06:00:00","date_gmt":"2019-07-11T10:00:00","guid":{"rendered":"https:\/\/linitiative.ca\/International\/un-enfant-de-8-ans-meurt-de-la-rage\/"},"modified":"2019-07-11T06:00:00","modified_gmt":"2019-07-11T10:00:00","slug":"un-enfant-de-8-ans-meurt-de-la-rage","status":"publish","type":"post","link":"https:\/\/linitiative.ca\/International\/un-enfant-de-8-ans-meurt-de-la-rage\/","title":{"rendered":"Un enfant de 8 ans meurt de la rage"},"content":{"rendered":"<div id=\"originalText\" readability=\"47\">\n<p>Un enfant de 8 ans, Kaddouri Ily\u00e8s, est d\u00e9c\u00e9d\u00e9 hier matin, au service infectieux de l\u2019EHS p\u00e9diatrique de Canastel, \u00e0 Oran, des suites de la rage, a annonc\u00e9 le directeur de la sant\u00e9 d\u2019Oran lors d\u2019un point de presse. La victime, ainsi que 4 autres personnes (deux autres enfants et deux adultes) avaient \u00e9t\u00e9 mordues, le 16 juin dernier, par un chien \u00e0 la cit\u00e9 Cumo d\u2019Es Senia, un bidonville o\u00f9 vivent des dizaines de familles. L\u2019animal en question, retrouv\u00e9 le lendemain de l\u2019attaque, a \u00e9t\u00e9 abattu.\u00a0<br \/>\u00a0<\/p>\n<p class=\"c10\"><strong>D. LOUKIL<\/strong><\/p>\n<\/div>\n<div id=\"text_core\" readability=\"47\">\n<p>Un enfant de 8 ans, Kaddouri Ily\u00e8s, est d\u00e9c\u00e9d\u00e9 hier matin, au service infectieux de l\u2019EHS p\u00e9diatrique de Canastel, \u00e0 Oran, des suites de la rage, a annonc\u00e9 le directeur de la sant\u00e9 d\u2019Oran lors d\u2019un point de presse. La victime, ainsi que 4 autres personnes (deux autres enfants et deux adultes) avaient \u00e9t\u00e9 mordues, le 16 juin dernier, par un chien \u00e0 la cit\u00e9 Cumo d\u2019Es Senia, un bidonville o\u00f9 vivent des dizaines de familles. L\u2019animal en question, retrouv\u00e9 le lendemain de l\u2019attaque, a \u00e9t\u00e9 abattu.\u00a0<br \/>\u00a0<\/p>\n<p class=\"c10\"><strong>D. LOUKIL<\/strong><\/p>\n<\/div>\n<p>Auteur:<br \/>\n<a href=\"https:\/\/www.liberte-algerie.com\/actualite\/un-enfant-de-8-ans-meurt-de-la-rage-319749\">Cliquez ici pour lire l&rsquo;article depuis sa source.<\/a><\/p>\n","protected":false},"excerpt":{"rendered":"<p>Un enfant de 8 ans, Kaddouri Ily\u00e8s, est d\u00e9c\u00e9d\u00e9 hier matin, au service infectieux de l\u2019EHS p\u00e9diatrique de Canastel, \u00e0 Oran, des suites de la rage, a annonc\u00e9 le directeur de la sant\u00e9 d\u2019Oran lors d\u2019un point de presse. La victime, ainsi que 4 autres personnes (deux autres enfants et deux adultes) avaient \u00e9t\u00e9 mordues, [&hellip;]<\/p>\n","protected":false},"author":1742,"featured_media":0,"comment_status":"closed","ping_status":"closed","sticky":false,"template":"","format":"standard","meta":{"fifu_image_url":"","fifu_image_alt":"","footnotes":""},"categories":[73,53],"tags":[],"class_list":["post-45592","post","type-post","status-publish","format-standard","hentry","category-actualite","category-algerie"],"_links":{"self":[{"href":"https:\/\/linitiative.ca\/International\/wp-json\/wp\/v2\/posts\/45592","targetHints":{"allow":["GET"]}}],"collection":[{"href":"https:\/\/linitiative.ca\/International\/wp-json\/wp\/v2\/posts"}],"about":[{"href":"https:\/\/linitiative.ca\/International\/wp-json\/wp\/v2\/types\/post"}],"author":[{"embeddable":true,"href":"https:\/\/linitiative.ca\/International\/wp-json\/wp\/v2\/users\/1742"}],"replies":[{"embeddable":true,"href":"https:\/\/linitiative.ca\/International\/wp-json\/wp\/v2\/comments?post=45592"}],"version-history":[{"count":0,"href":"https:\/\/linitiative.ca\/International\/wp-json\/wp\/v2\/posts\/45592\/revisions"}],"wp:attachment":[{"href":"https:\/\/linitiative.ca\/International\/wp-json\/wp\/v2\/media?parent=45592"}],"wp:term":[{"taxonomy":"category","embeddable":true,"href":"https:\/\/linitiative.ca\/International\/wp-json\/wp\/v2\/categories?post=45592"},{"taxonomy":"post_tag","embeddable":true,"href":"https:\/\/linitiative.ca\/International\/wp-json\/wp\/v2\/tags?post=45592"}],"curies":[{"name":"wp","href":"https:\/\/api.w.org\/{rel}","templated":true}]}}