{"id":45594,"date":"2019-07-11T06:00:00","date_gmt":"2019-07-11T10:00:00","guid":{"rendered":"https:\/\/linitiative.ca\/International\/la-veuve-de-krim-belkacem-inhumee-a-el-alia\/"},"modified":"2019-07-11T06:00:00","modified_gmt":"2019-07-11T10:00:00","slug":"la-veuve-de-krim-belkacem-inhumee-a-el-alia","status":"publish","type":"post","link":"https:\/\/linitiative.ca\/International\/la-veuve-de-krim-belkacem-inhumee-a-el-alia\/","title":{"rendered":"La veuve de Krim Belkacem inhum\u00e9e \u00e0 El-Alia"},"content":{"rendered":"<div id=\"originalText\" readability=\"60\">\n<p>La veuve du colonel Krim Belkacem, Fakir Tassadit, d\u00e9c\u00e9d\u00e9e, \u00e0 l\u2019\u00e2ge de 98 ans, dans son domicile familial sis \u00e0 Kouba, a \u00e9t\u00e9 inhum\u00e9e, hier mercredi, au cimeti\u00e8re El-Alia, \u00e0 Alger, en pr\u00e9sence de la famille Krim d&rsquo;A\u00eft Yahia Moussa et d&rsquo;Alger, ainsi que de sa famille de Ma\u00e2tkas.\u00a0<\/p>\n<p>Selon le fr\u00e8re cadet du signataire des Accords d&rsquo;\u00c9vian, Arezki Krim, son fr\u00e8re Belkacem avait \u00e9pous\u00e9 cette femme en 1941. \u201cC&rsquo;\u00e9tait la premi\u00e8re belle-fille de mon p\u00e8re. J&rsquo;\u00e9tais encore enfant et je me souviendrai toujours de sa gentillesse. Elle avait toujours peur lorsque les gendarmes nous rendaient visite\u201d, nous a confi\u00e9 Arezki. D&rsquo;ailleurs, ils v\u00e9curent difficilement ensemble leurs premi\u00e8res ann\u00e9es de mariage parce que d\u00e8s 1947, le futur colonel Krim Belkacem \u00e9tait recherch\u00e9 par l&rsquo;arm\u00e9e fran\u00e7aise Alors, son \u00e9pouse se r\u00e9fugiait souvent chez ses parents \u00e0 Ighendoussen, dans la r\u00e9gion de Ma\u00e2tkas, de crainte des repr\u00e9sailles des soldats fran\u00e7ais. Il est \u00e0 noter qu&rsquo;ils eurent deux enfants, un gar\u00e7on et une fille, Ahmed et Hadjila. Cette derni\u00e8re est d\u00e9c\u00e9d\u00e9e. Son fils est un retrait\u00e9 de l&rsquo;aviation, il \u00e9tait commandant de bord.<br \/>\u00a0<\/p>\n<p class=\"c10\"><strong>O. Ghil\u00e8s<\/strong><\/p>\n<\/div>\n<div id=\"text_core\" readability=\"60\">\n<p>La veuve du colonel Krim Belkacem, Fakir Tassadit, d\u00e9c\u00e9d\u00e9e, \u00e0 l\u2019\u00e2ge de 98 ans, dans son domicile familial sis \u00e0 Kouba, a \u00e9t\u00e9 inhum\u00e9e, hier mercredi, au cimeti\u00e8re El-Alia, \u00e0 Alger, en pr\u00e9sence de la famille Krim d&rsquo;A\u00eft Yahia Moussa et d&rsquo;Alger, ainsi que de sa famille de Ma\u00e2tkas.\u00a0<\/p>\n<p>Selon le fr\u00e8re cadet du signataire des Accords d&rsquo;\u00c9vian, Arezki Krim, son fr\u00e8re Belkacem avait \u00e9pous\u00e9 cette femme en 1941. \u201cC&rsquo;\u00e9tait la premi\u00e8re belle-fille de mon p\u00e8re. J&rsquo;\u00e9tais encore enfant et je me souviendrai toujours de sa gentillesse. Elle avait toujours peur lorsque les gendarmes nous rendaient visite\u201d, nous a confi\u00e9 Arezki. D&rsquo;ailleurs, ils v\u00e9curent difficilement ensemble leurs premi\u00e8res ann\u00e9es de mariage parce que d\u00e8s 1947, le futur colonel Krim Belkacem \u00e9tait recherch\u00e9 par l&rsquo;arm\u00e9e fran\u00e7aise Alors, son \u00e9pouse se r\u00e9fugiait souvent chez ses parents \u00e0 Ighendoussen, dans la r\u00e9gion de Ma\u00e2tkas, de crainte des repr\u00e9sailles des soldats fran\u00e7ais. Il est \u00e0 noter qu&rsquo;ils eurent deux enfants, un gar\u00e7on et une fille, Ahmed et Hadjila. Cette derni\u00e8re est d\u00e9c\u00e9d\u00e9e. Son fils est un retrait\u00e9 de l&rsquo;aviation, il \u00e9tait commandant de bord.<br \/>\u00a0<\/p>\n<p class=\"c10\"><strong>O. Ghil\u00e8s<\/strong><\/p>\n<\/div>\n<p>Auteur:<br \/>\n<a href=\"https:\/\/www.liberte-algerie.com\/actualite\/la-veuve-de-krim-belkacem-inhumee-a-el-alia-319747\">Cliquez ici pour lire l&rsquo;article depuis sa source.<\/a><\/p>\n","protected":false},"excerpt":{"rendered":"<p>La veuve du colonel Krim Belkacem, Fakir Tassadit, d\u00e9c\u00e9d\u00e9e, \u00e0 l\u2019\u00e2ge de 98 ans, dans son domicile familial sis \u00e0 Kouba, a \u00e9t\u00e9 inhum\u00e9e, hier mercredi, au cimeti\u00e8re El-Alia, \u00e0 Alger, en pr\u00e9sence de la famille Krim d&rsquo;A\u00eft Yahia Moussa et d&rsquo;Alger, ainsi que de sa famille de Ma\u00e2tkas.\u00a0 Selon le fr\u00e8re cadet du signataire [&hellip;]<\/p>\n","protected":false},"author":1742,"featured_media":0,"comment_status":"closed","ping_status":"closed","sticky":false,"template":"","format":"standard","meta":{"fifu_image_url":"","fifu_image_alt":"","footnotes":""},"categories":[73,53],"tags":[],"class_list":["post-45594","post","type-post","status-publish","format-standard","hentry","category-actualite","category-algerie"],"_links":{"self":[{"href":"https:\/\/linitiative.ca\/International\/wp-json\/wp\/v2\/posts\/45594","targetHints":{"allow":["GET"]}}],"collection":[{"href":"https:\/\/linitiative.ca\/International\/wp-json\/wp\/v2\/posts"}],"about":[{"href":"https:\/\/linitiative.ca\/International\/wp-json\/wp\/v2\/types\/post"}],"author":[{"embeddable":true,"href":"https:\/\/linitiative.ca\/International\/wp-json\/wp\/v2\/users\/1742"}],"replies":[{"embeddable":true,"href":"https:\/\/linitiative.ca\/International\/wp-json\/wp\/v2\/comments?post=45594"}],"version-history":[{"count":0,"href":"https:\/\/linitiative.ca\/International\/wp-json\/wp\/v2\/posts\/45594\/revisions"}],"wp:attachment":[{"href":"https:\/\/linitiative.ca\/International\/wp-json\/wp\/v2\/media?parent=45594"}],"wp:term":[{"taxonomy":"category","embeddable":true,"href":"https:\/\/linitiative.ca\/International\/wp-json\/wp\/v2\/categories?post=45594"},{"taxonomy":"post_tag","embeddable":true,"href":"https:\/\/linitiative.ca\/International\/wp-json\/wp\/v2\/tags?post=45594"}],"curies":[{"name":"wp","href":"https:\/\/api.w.org\/{rel}","templated":true}]}}