{"id":45595,"date":"2019-07-11T06:00:00","date_gmt":"2019-07-11T10:00:00","guid":{"rendered":"https:\/\/linitiative.ca\/International\/un-corps-sans-vie-repeche\/"},"modified":"2019-07-11T06:00:00","modified_gmt":"2019-07-11T10:00:00","slug":"un-corps-sans-vie-repeche","status":"publish","type":"post","link":"https:\/\/linitiative.ca\/International\/un-corps-sans-vie-repeche\/","title":{"rendered":"Un corps sans vie rep\u00each\u00e9"},"content":{"rendered":"<div id=\"originalText\" readability=\"42\">\n<p>La liste macabre des d\u00e9c\u00e8s par noyade s\u2019allonge dans la wilaya d\u2019A\u00efn T\u00e9mouchent. En effet, le corps d\u2019une cinqui\u00e8me victime par noyade enregistr\u00e9e depuis le d\u00e9but de la saison estivale a \u00e9t\u00e9 rep\u00each\u00e9 en d\u00e9but de soir\u00e9e de mardi, \u00e0 la plage de Rachgoun 1, dans la commune d\u2019Oulha\u00e7a situ\u00e9e \u00e0 l\u2019extr\u00eame ouest du chef-lieu de wilaya. Juste apr\u00e8s l\u2019alerte donn\u00e9e dans la matin\u00e9e de lundi dernier sur la disparition en mer d\u2019un jeune homme \u00e2g\u00e9 de 25 ans et originaire de la localit\u00e9 de Sidi Abdelli, dans la wilaya de Tlemcen, les agents de la Protection civile ont entam\u00e9 les recherches en mobilisant tous les moyens n\u00e9cessaires dont des plongeurs et des pneumatiques semi-rigides. Selon le capitaine Mohamed Moulkhaloua, chef de service pr\u00e9vention aupr\u00e8s de la direction de la Protection civile de la wilaya, il aura fallu une journ\u00e9e d\u2019intenses recherches dans une mer tr\u00e8s agit\u00e9e pour que le corps sans vie soit retrouv\u00e9 et rep\u00each\u00e9.<br \/>\u00a0<\/p>\n<p class=\"c10\"><strong>M. LARADJ<\/strong><\/p>\n<\/div>\n<div id=\"text_core\" readability=\"42\">\n<p>La liste macabre des d\u00e9c\u00e8s par noyade s\u2019allonge dans la wilaya d\u2019A\u00efn T\u00e9mouchent. En effet, le corps d\u2019une cinqui\u00e8me victime par noyade enregistr\u00e9e depuis le d\u00e9but de la saison estivale a \u00e9t\u00e9 rep\u00each\u00e9 en d\u00e9but de soir\u00e9e de mardi, \u00e0 la plage de Rachgoun 1, dans la commune d\u2019Oulha\u00e7a situ\u00e9e \u00e0 l\u2019extr\u00eame ouest du chef-lieu de wilaya. Juste apr\u00e8s l\u2019alerte donn\u00e9e dans la matin\u00e9e de lundi dernier sur la disparition en mer d\u2019un jeune homme \u00e2g\u00e9 de 25 ans et originaire de la localit\u00e9 de Sidi Abdelli, dans la wilaya de Tlemcen, les agents de la Protection civile ont entam\u00e9 les recherches en mobilisant tous les moyens n\u00e9cessaires dont des plongeurs et des pneumatiques semi-rigides. Selon le capitaine Mohamed Moulkhaloua, chef de service pr\u00e9vention aupr\u00e8s de la direction de la Protection civile de la wilaya, il aura fallu une journ\u00e9e d\u2019intenses recherches dans une mer tr\u00e8s agit\u00e9e pour que le corps sans vie soit retrouv\u00e9 et rep\u00each\u00e9.<br \/>\u00a0<\/p>\n<p class=\"c10\"><strong>M. LARADJ<\/strong><\/p>\n<\/div>\n<p>Auteur:<br \/>\n<a href=\"https:\/\/www.liberte-algerie.com\/actualite\/un-corps-sans-vie-repeche-319746\">Cliquez ici pour lire l&rsquo;article depuis sa source.<\/a><\/p>\n","protected":false},"excerpt":{"rendered":"<p>La liste macabre des d\u00e9c\u00e8s par noyade s\u2019allonge dans la wilaya d\u2019A\u00efn T\u00e9mouchent. En effet, le corps d\u2019une cinqui\u00e8me victime par noyade enregistr\u00e9e depuis le d\u00e9but de la saison estivale a \u00e9t\u00e9 rep\u00each\u00e9 en d\u00e9but de soir\u00e9e de mardi, \u00e0 la plage de Rachgoun 1, dans la commune d\u2019Oulha\u00e7a situ\u00e9e \u00e0 l\u2019extr\u00eame ouest du chef-lieu [&hellip;]<\/p>\n","protected":false},"author":1742,"featured_media":0,"comment_status":"closed","ping_status":"closed","sticky":false,"template":"","format":"standard","meta":{"fifu_image_url":"","fifu_image_alt":"","footnotes":""},"categories":[73,53],"tags":[],"class_list":["post-45595","post","type-post","status-publish","format-standard","hentry","category-actualite","category-algerie"],"_links":{"self":[{"href":"https:\/\/linitiative.ca\/International\/wp-json\/wp\/v2\/posts\/45595","targetHints":{"allow":["GET"]}}],"collection":[{"href":"https:\/\/linitiative.ca\/International\/wp-json\/wp\/v2\/posts"}],"about":[{"href":"https:\/\/linitiative.ca\/International\/wp-json\/wp\/v2\/types\/post"}],"author":[{"embeddable":true,"href":"https:\/\/linitiative.ca\/International\/wp-json\/wp\/v2\/users\/1742"}],"replies":[{"embeddable":true,"href":"https:\/\/linitiative.ca\/International\/wp-json\/wp\/v2\/comments?post=45595"}],"version-history":[{"count":0,"href":"https:\/\/linitiative.ca\/International\/wp-json\/wp\/v2\/posts\/45595\/revisions"}],"wp:attachment":[{"href":"https:\/\/linitiative.ca\/International\/wp-json\/wp\/v2\/media?parent=45595"}],"wp:term":[{"taxonomy":"category","embeddable":true,"href":"https:\/\/linitiative.ca\/International\/wp-json\/wp\/v2\/categories?post=45595"},{"taxonomy":"post_tag","embeddable":true,"href":"https:\/\/linitiative.ca\/International\/wp-json\/wp\/v2\/tags?post=45595"}],"curies":[{"name":"wp","href":"https:\/\/api.w.org\/{rel}","templated":true}]}}