{"id":45600,"date":"2019-07-11T08:53:38","date_gmt":"2019-07-11T12:53:38","guid":{"rendered":"https:\/\/linitiative.ca\/International\/necessite-de-la-conjugaison-des-efforts-dans-la-lutte-contre-les-incendies-de-forets\/"},"modified":"2019-07-11T08:53:38","modified_gmt":"2019-07-11T12:53:38","slug":"necessite-de-la-conjugaison-des-efforts-dans-la-lutte-contre-les-incendies-de-forets","status":"publish","type":"post","link":"https:\/\/linitiative.ca\/International\/necessite-de-la-conjugaison-des-efforts-dans-la-lutte-contre-les-incendies-de-forets\/","title":{"rendered":"N\u00e9cessit\u00e9 de la conjugaison des efforts dans la lutte contre les incendies de for\u00eats"},"content":{"rendered":"<div>\n<div class=\"K2FeedImage\"><img decoding=\"async\" src=\"http:\/\/www.aps.dz\/media\/k2\/items\/cache\/e53b0e39f5f8792d5caca22d401c48f9_S.jpg\" alt=\"N\u00e9cessit\u00e9 de la conjugaison des efforts dans la lutte contre les incendies de for\u00eats\"><\/div>\n<div class=\"K2FeedIntroText\">\n<p><strong>AIN DEFLA &#8211; Le Directeur g\u00e9n\u00e9ral des for\u00eats, Ali Mahmoudi, a mis l\u2019accent, mercredi \u00e0 A\u00efn Defla, sur la n\u00e9cessit\u00e9 de la conjugaison des efforts dans la lutte contre les incendies de for\u00eats, observant que cette mission ne doit \u00eatre per\u00e7ue comme \u00e9tant du ressort \u00ab\u00a0exclusif\u00a0\u00bb des directions des For\u00eats ou de la Protection civile.<\/strong><\/p>\n<\/div>\n<div class=\"K2FeedFullText\">\n<p>\u00ab\u00a0La lutte contre les incendies de for\u00eats n\u2019est pas du ressort exclusif de la conservation des for\u00eats ou de la direction de la Protection civile mais n\u00e9cessite la conjugaison des efforts d\u2019autres\u00a0 secteurs \u00e0 l\u2019image de ceux de l\u2019agriculture, l\u2019environnement et l\u2019Int\u00e9rieur avec ses d\u00e9membrements, en l\u2019occurrence les communes, les da\u00efras et les wilaya\u00a0\u00bb, a indiqu\u00e9 M. Mahmoudi au cours d\u2019une s\u00e9ance de travail tenue avec les responsables de la Conservation locale des for\u00eats dans le cadre de sa visite de travail dans la wilaya.<\/p>\n<blockquote>\n<p><em><strong>Il a, dans ce cadre, estim\u00e9 \u00ab\u00a0capitale\u00a0\u00bb la coordination des efforts entre ces diff\u00e9rents d\u00e9partements, mettant l\u2019accent sur le fait que les for\u00eats constituent un patrimoine qu\u2019il y a lieu de pr\u00e9server.<\/strong><\/em><\/p>\n<\/blockquote>\n<p>\u00ab\u00a0Lorsque l\u2019on sait que des centaines d\u2019ann\u00e9es sont n\u00e9cessaires pour constituer une for\u00eat, on ne peut que s\u2019empresser pour ex\u00e9cuter toute action visant la protection de cette richesse\u00a0\u00bb, a-t-il observ\u00e9, relevant que \u00ab\u00a0la contribution de l\u2019exploitation des ressources foresti\u00e8res dans le d\u00e9veloppement local et national constitue un segment \u00e0 valoriser\u00a0\u00bb.<\/p>\n<hr>\n<h3>Lire aussi:\u00a0<a href=\"http:\/\/www.aps.dz\/algerie\/91643-feux-de-forets-pres-de-1970-ha-de-forets-ravagees-par-678-incendies-a-travers-le-pays\" target=\"_blank\" rel=\"noopener noreferrer\">Pr\u00e9s de 1970 ha de for\u00eats ravag\u00e9es par 678 incendies\u00a0\u00e0 travers le pays<\/a><\/h3>\n<hr>\n<p>Faisant \u00e9tat d\u2019une colonne mobile qui viendra renforcer, l\u2019ann\u00e9e prochaine, la Conservation des for\u00eats de A\u00efn Defla, il a soutenu que \u00ab\u00a0tout est fait pour que l\u2019h\u00e9catombe de l\u2019\u00e9t\u00e9 2017 ne soit pas r\u00e9\u00e9dit\u00e9e\u00a0\u00bb.\u00a0\u00a0\u00a0\u00a0 Auparavant, M. Mahmoudi a pris part au si\u00e8ge de la wilaya \u00e0 une s\u00e9ance de travail avec la commission op\u00e9rationnelle permanente (COP) charg\u00e9e de la lutte contre les incendies de for\u00eats, mettant l\u2019accent sur la n\u00e9cessit\u00e9 de la doter des moyens susceptibles d\u2019assurer une plus grande efficience de son travail.<\/p>\n<blockquote>\n<p><em><strong>En guise des efforts d\u00e9ploy\u00e9s par l\u2019Etat en vue de prot\u00e9ger les for\u00eats, il a rappel\u00e9 la tenue, jeudi dernier, d\u2019 une r\u00e9union d\u2019un conseil interminist\u00e9riel consacr\u00e9 \u00e0 l\u2019examen des m\u00e9canismes devant renforcer les capacit\u00e9s op\u00e9rationnelles des services de la protection civile et de la Direction g\u00e9n\u00e9rale des for\u00eats concernant les feux de for\u00eats, de r\u00e9coltes et de palmiers.<\/strong><\/em><\/p>\n<\/blockquote>\n<p>Au sujet de ses d\u00e9placements vers un certain nombre de wilaya, il a soulign\u00e9 que ces visites sont effectu\u00e9es \u00e0 des r\u00e9gions ayant connu des incendies ou susceptibles d\u2019en conna\u00eetre, faisant part de la d\u00e9termination de l\u2019Etat \u00e0 soutenir le secteur des for\u00eats.<\/p>\n<p>Il a, dans ce cadre, rappel\u00e9 la tenue, jeudi dernier, d\u2019 une r\u00e9union d\u2019un conseil interminist\u00e9riel consacr\u00e9 \u00e0 l\u2019examen des m\u00e9canismes devant renforcer les capacit\u00e9s op\u00e9rationnelles des services de la protection civile et de la Direction g\u00e9n\u00e9rale des for\u00eats concernant les feux de for\u00eats, de r\u00e9coltes et de palmiers.<\/p>\n<p>Apr\u00e8s A\u00efn Defla, M. Ahmoudi se rendra \u00e0 Tissemsilt avant de visiter un certain nombre de wilaya de l\u2019est du pays.<\/p>\n<\/div>\n<\/div>\n<p>Auteur:<br \/>\n<a href=\"http:\/\/www.aps.dz\/regions\/91762-necessite-de-la-conjugaison-des-efforts-dans-la-lutte-contre-les-incendies-de-forets\">Cliquez ici pour lire l&rsquo;article depuis sa source.<\/a><\/p>\n","protected":false},"excerpt":{"rendered":"<p>AIN DEFLA &#8211; Le Directeur g\u00e9n\u00e9ral des for\u00eats, Ali Mahmoudi, a mis l\u2019accent, mercredi \u00e0 A\u00efn Defla, sur la n\u00e9cessit\u00e9 de la conjugaison des efforts dans la lutte contre les incendies de for\u00eats, observant que cette mission ne doit \u00eatre per\u00e7ue comme \u00e9tant du ressort \u00ab\u00a0exclusif\u00a0\u00bb des directions des For\u00eats ou de la Protection civile. [&hellip;]<\/p>\n","protected":false},"author":1790,"featured_media":45601,"comment_status":"closed","ping_status":"closed","sticky":false,"template":"","format":"standard","meta":{"fifu_image_url":"","fifu_image_alt":"","footnotes":""},"categories":[53,76],"tags":[],"class_list":["post-45600","post","type-post","status-publish","format-standard","has-post-thumbnail","hentry","category-algerie","category-regions"],"_links":{"self":[{"href":"https:\/\/linitiative.ca\/International\/wp-json\/wp\/v2\/posts\/45600","targetHints":{"allow":["GET"]}}],"collection":[{"href":"https:\/\/linitiative.ca\/International\/wp-json\/wp\/v2\/posts"}],"about":[{"href":"https:\/\/linitiative.ca\/International\/wp-json\/wp\/v2\/types\/post"}],"author":[{"embeddable":true,"href":"https:\/\/linitiative.ca\/International\/wp-json\/wp\/v2\/users\/1790"}],"replies":[{"embeddable":true,"href":"https:\/\/linitiative.ca\/International\/wp-json\/wp\/v2\/comments?post=45600"}],"version-history":[{"count":0,"href":"https:\/\/linitiative.ca\/International\/wp-json\/wp\/v2\/posts\/45600\/revisions"}],"wp:featuredmedia":[{"embeddable":true,"href":"https:\/\/linitiative.ca\/International\/wp-json\/"}],"wp:attachment":[{"href":"https:\/\/linitiative.ca\/International\/wp-json\/wp\/v2\/media?parent=45600"}],"wp:term":[{"taxonomy":"category","embeddable":true,"href":"https:\/\/linitiative.ca\/International\/wp-json\/wp\/v2\/categories?post=45600"},{"taxonomy":"post_tag","embeddable":true,"href":"https:\/\/linitiative.ca\/International\/wp-json\/wp\/v2\/tags?post=45600"}],"curies":[{"name":"wp","href":"https:\/\/api.w.org\/{rel}","templated":true}]}}