{"id":45604,"date":"2019-07-11T11:03:21","date_gmt":"2019-07-11T15:03:21","guid":{"rendered":"https:\/\/linitiative.ca\/International\/hadj-2019-28-vols-programmes-a-partir-de-laeroport-international-doran\/"},"modified":"2019-07-11T11:03:21","modified_gmt":"2019-07-11T15:03:21","slug":"hadj-2019-28-vols-programmes-a-partir-de-laeroport-international-doran","status":"publish","type":"post","link":"https:\/\/linitiative.ca\/International\/hadj-2019-28-vols-programmes-a-partir-de-laeroport-international-doran\/","title":{"rendered":"Hadj 2019: 28 vols programm\u00e9s \u00e0 partir de l\u2019a\u00e9roport international d\u2019Oran"},"content":{"rendered":"<div>\n<div class=\"K2FeedImage\"><img decoding=\"async\" src=\"http:\/\/www.aps.dz\/media\/k2\/items\/cache\/fd1697a86a76a511a6bea1791802b7fa_S.jpg\" alt=\"Hadj 2019: 28 vols programm\u00e9s \u00e0 partir de l\u2019a\u00e9roport international d\u2019Oran\"><\/div>\n<div class=\"K2FeedIntroText\">\n<p><strong>ORAN &#8211; Au total, 28 vols sont programm\u00e9s vers les Lieux saints de l&rsquo;Islam \u00e0 partir de l\u2019a\u00e9roport international d\u2019Oran \u00ab\u00a0Ahmed Benbella\u00a0\u00bb \u00e0 l\u2019occasion de la <a href=\"http:\/\/www.aps.dz\/societe\/88409-saison-estivale-et-hadj-faciliter-la-mobilite-des-voyageurs-via-les-aeroports-et-les-ports\" target=\"_blank\" rel=\"noopener noreferrer\">saison Hadj 2019<\/a>, a-t-on appris du directeur r\u00e9gional d&rsquo;Air Alg\u00e9rie \u00e0 Oran, Kara Teurki.<\/strong><\/p>\n<\/div>\n<div class=\"K2FeedFullText\">\n<p>Sur les 28 vols programm\u00e9s de l\u2019a\u00e9roport d\u2019Oran vers les a\u00e9roports d&rsquo;El Madina, 26 seront assur\u00e9s par Air Alg\u00e9rie et deux autres par la Compagnie saoudienne, a-t-on indiqu\u00e9.<\/p>\n<p>Kara Teurki a fait savoir que des appareils de 300 places sont r\u00e9serv\u00e9s pour ces vols avec la prise en charge de cette op\u00e9ration qui s\u2019\u00e9tale du 17 juillet en cours au 6 ao\u00fbt prochain pour le transport de 8.546 hadjis des wilayas dans l\u2019Ouest et le Sud-ouest du pays, \u00e0 savoir Oran, Mostaganem, Tlemcen, Saida, Tiaret, El Bayadh, Naama, Relizane, Ain T\u00e9mouchent, Sidi Bel-Abb\u00e8s, B\u00e9char, Tindouf et Adrar.<\/p>\n<hr>\n<h3>Lire aussi:\u00a0<a href=\"http:\/\/www.aps.dz\/algerie\/91663-belmehdi-appelle-les-membres-de-la-mission-du-hadj-a-accomplir-pleinement-leur-mission\" target=\"_blank\" rel=\"noopener noreferrer\">Belmehdi appelle les membres de la mission du hadj \u00e0 accomplir pleinement leur mission<\/a><\/h3>\n<hr>\n<p>Pour les hadjis des wilayas dans le Sud du pays, la Compagnie Air Alg\u00e9rie prendra en charge leur d\u00e9placement gratuitement des a\u00e9roports du Sud vers l\u2019a\u00e9roport international \u00ab\u00a0Ahmed Benbella\u00a0\u00bb d&rsquo;Oran, a-t-il soulign\u00e9.<\/p>\n<p>Le premier vol est programm\u00e9, \u00e0 partir de l\u2019a\u00e9roport international d\u2019Oran, le 17 juillet avec \u00e0 son bord 300 p\u00e8lerins.<\/p>\n<p>L&rsquo;a\u00e9roport international d\u2019Oran a \u00e9t\u00e9 renforc\u00e9, pour cette saison estivale qui co\u00efncide avec la saison Hadj, par 25 employ\u00e9s saisonniers au titre du programme de l\u2019Agence nationale de l\u2019emploi surtout pour l&rsquo;enregistrement et l&rsquo;accueil.<\/p>\n<\/div>\n<\/div>\n<p>Auteur:<br \/>\n<a href=\"http:\/\/www.aps.dz\/regions\/91779-hadj-2019-28-vols-programmes-a-partir-de-l-aeroport-international-d-oran\">Cliquez ici pour lire l&rsquo;article depuis sa source.<\/a><\/p>\n","protected":false},"excerpt":{"rendered":"<p>ORAN &#8211; Au total, 28 vols sont programm\u00e9s vers les Lieux saints de l&rsquo;Islam \u00e0 partir de l\u2019a\u00e9roport international d\u2019Oran \u00ab\u00a0Ahmed Benbella\u00a0\u00bb \u00e0 l\u2019occasion de la saison Hadj 2019, a-t-on appris du directeur r\u00e9gional d&rsquo;Air Alg\u00e9rie \u00e0 Oran, Kara Teurki. Sur les 28 vols programm\u00e9s de l\u2019a\u00e9roport d\u2019Oran vers les a\u00e9roports d&rsquo;El Madina, 26 seront [&hellip;]<\/p>\n","protected":false},"author":1790,"featured_media":45605,"comment_status":"closed","ping_status":"closed","sticky":false,"template":"","format":"standard","meta":{"fifu_image_url":"","fifu_image_alt":"","footnotes":""},"categories":[53,76],"tags":[],"class_list":["post-45604","post","type-post","status-publish","format-standard","has-post-thumbnail","hentry","category-algerie","category-regions"],"_links":{"self":[{"href":"https:\/\/linitiative.ca\/International\/wp-json\/wp\/v2\/posts\/45604","targetHints":{"allow":["GET"]}}],"collection":[{"href":"https:\/\/linitiative.ca\/International\/wp-json\/wp\/v2\/posts"}],"about":[{"href":"https:\/\/linitiative.ca\/International\/wp-json\/wp\/v2\/types\/post"}],"author":[{"embeddable":true,"href":"https:\/\/linitiative.ca\/International\/wp-json\/wp\/v2\/users\/1790"}],"replies":[{"embeddable":true,"href":"https:\/\/linitiative.ca\/International\/wp-json\/wp\/v2\/comments?post=45604"}],"version-history":[{"count":0,"href":"https:\/\/linitiative.ca\/International\/wp-json\/wp\/v2\/posts\/45604\/revisions"}],"wp:featuredmedia":[{"embeddable":true,"href":"https:\/\/linitiative.ca\/International\/wp-json\/"}],"wp:attachment":[{"href":"https:\/\/linitiative.ca\/International\/wp-json\/wp\/v2\/media?parent=45604"}],"wp:term":[{"taxonomy":"category","embeddable":true,"href":"https:\/\/linitiative.ca\/International\/wp-json\/wp\/v2\/categories?post=45604"},{"taxonomy":"post_tag","embeddable":true,"href":"https:\/\/linitiative.ca\/International\/wp-json\/wp\/v2\/tags?post=45604"}],"curies":[{"name":"wp","href":"https:\/\/api.w.org\/{rel}","templated":true}]}}