{"id":45608,"date":"2019-07-11T09:00:48","date_gmt":"2019-07-11T13:00:48","guid":{"rendered":"https:\/\/linitiative.ca\/International\/benatiq-en-coach-des-jeunes-africains\/"},"modified":"2019-07-11T09:00:48","modified_gmt":"2019-07-11T13:00:48","slug":"benatiq-en-coach-des-jeunes-africains","status":"publish","type":"post","link":"https:\/\/linitiative.ca\/International\/benatiq-en-coach-des-jeunes-africains\/","title":{"rendered":"Benatiq en coach des jeunes africains"},"content":{"rendered":"<div readability=\"38\">\n<p>Une rencontre ax\u00e9e sur la promotion du vivre-ensemble<\/p>\n<p>Des ateliers sur l\u2019emploi, les programmes d\u2019\u00e9changes d\u2019\u00e9tudiants\u2026<\/p>\n<p>Visite \u00e0 Tafoghalt, Berkane et Sa\u00efdia au programme<\/p>\n<\/div>\n<div readability=\"79\">\n<div class=\"dnd-atom-wrapper type-image context-sdl_editor_representation\" contenteditable=\"false\" readability=\"38\">\n<div class=\"dnd-drop-wrapper image\"><img loading=\"lazy\" decoding=\"async\" typeof=\"foaf:Image\" class=\"img-responsive\" src=\"https:\/\/www.leconomiste.com\/sites\/default\/files\/eco7\/public\/thumbnails\/image\/benatiq_5553.jpg\" width=\"660\" height=\"330\" alt=\"benatiq_5553.jpg\" title=\"benatiq_5553.jpg\"\/><\/div>\n<p>La tenue de cette rencontre vise \u00e0 \u00abrenforcer les liens avec les jeunes africains d\u2019aujourd\u2019hui, les d\u00e9cideurs de demain, ceux qui vont fa\u00e7onner prochainement le continent\u00bb, a soutenu Abdelkrim Benatiq, ministre des MRE et des affaires de la migration (Ph.Bziouat)\u00a0<\/p>\n<\/div>\n<p class=\"rtejustify\">Apr\u00e8s les comp\u00e9tences marocaines dans le monde, Abdelkrim Benatiq entame un nouveau virage. Cette fois-ci, le ministre des MRE et des affaires de la migration se penche sur les jeunes africains du Maroc en leur consacrant la premi\u00e8re universit\u00e9 ouverte \u00e0 Oujda hier jusqu\u2019au 12 juillet. Cette manifestation de trois jours est plac\u00e9e sous le th\u00e8me de la jeunesse africaine, levier de coop\u00e9ration sud-sud et la promotion du vivre-ensemble. Elle r\u00e9unira pendant trois jours des \u00e9tudiants \u00e9trangers des pays subsahariens et leurs homologues marocains, dans une ambiance fraternelle, \u00e0 la d\u00e9couverte et \u00e0 l\u2019apprentissage. Il s\u2019agira de d\u00e9battre de th\u00e9matiques relatives \u00e0 la diversit\u00e9 culturelle, \u00e0 la coop\u00e9ration Sud-Sud et au co-d\u00e9veloppement. Elle sera \u00e9galement l\u2019occasion d\u2019organiser des activit\u00e9s touristiques, sportives et culturelles dans cette ville et ses environs, cr\u00e9ant ainsi une coh\u00e9sion de groupe et un climat d\u00e9contract\u00e9 et propice \u00e0 l\u2019\u00e9change.\u00a0<br \/>Le programme, riche et vari\u00e9, d\u00e9marre par un discours de Abdelkrim Benatiq.\u00a0 Il est suivi par un expos\u00e9 sur la culture religieuse et le patrimoine commun de l\u2019humanit\u00e9, fait par Ahmed Abbadi, secr\u00e9taire g\u00e9n\u00e9ral de la Rabita Mohammadia des Oul\u00e9mas. Les \u00e9tudiants africains et marocains prendront part \u00e0 un atelier sur le patrimoine culturel maroco-africain, anim\u00e9 par\u00a0 \u00a0Mohamed El Hannach, de l\u2019Universit\u00e9 Mohammed Ben Abdellah de F\u00e8s. D\u2019autres ateliers sont tourn\u00e9s notamment sur l\u2019emploi des jeunes en Afrique et les programmes d\u2019\u00e9changes d\u2019\u00e9tudiants et de promotion de la coop\u00e9ration sud-sud dans le continent, pris en charge par l\u2019Agence marocaine de coop\u00e9ration internationale. Ces journ\u00e9es de r\u00e9flexion sont agr\u00e9ment\u00e9es d\u2019escapades dans l\u2019arri\u00e8re-pays d\u2019Oujda comme Tafoghalt-Zegzel, Berkane et Sa\u00efdia.<br \/>Pour Abdelkrim Benatiq, le choix du th\u00e8me s\u2019inscrit parfaitement dans le cadre de la dynamique visant \u00e0 impulser la coop\u00e9ration sud-sud et qui s\u2019est concr\u00e9tis\u00e9e par de multiples visites royales en Afrique. L\u2019objectif est d\u2019asseoir un cadre strat\u00e9gique et p\u00e9renne de co-d\u00e9veloppement en vue de renforcer la coop\u00e9ration scientifique et technique avec les pays d\u2019Afrique subsaharienne. Ce qui a permis au Maroc de se positionner comme l\u2019une des principales destinations des \u00e9tudiants en provenance majoritairement de ces pays. Avant d\u2019en arriver l\u00e0, plusieurs actions concr\u00e8tes ont \u00e9t\u00e9 mises en \u0153uvre telles que l\u2019accueil des \u00e9tudiants et des cadres africains dans les universit\u00e9s marocaines et la r\u00e9gularisation des migrants majoritairement subsahariens en situation irr\u00e9guli\u00e8re. A cela s\u2019ajoutent le financement de projets \u00e0 caract\u00e8re socio-\u00e9conomique au niveau de certains pays africains et la formation d\u2019imams via la Fondation Mohammed VI des Oul\u00e9mas africains. Dans cette perspective, la migration doit \u00eatre per\u00e7ue sous l\u2019angle de la g\u00e9opolitique. Elle n\u00e9cessite une gouvernance nationale comme la politique en la mati\u00e8re initi\u00e9e par le Maroc en 2013 sous l\u2019impulsion du Souverain. Elle doit \u00eatre \u00e9galement r\u00e9gionale, avec une coop\u00e9ration accrue avec les pays voisins et internationale dans le cadre du pacte mondial de la migration.\u00a0<\/p>\n<blockquote readability=\"23\">\n<p class=\"rtecenter\"><strong><span class=\"c4\">Acc\u00e9l\u00e9ration de la mobilit\u00e9<\/span><\/strong><\/p>\n<p class=\"rtejustify\">Selon les statistiques des Nations Unies, le monde compte 258 millions d\u2019\u00e9migr\u00e9s, soit 3,3% de la population mondiale. Ce chiffre passera \u00e0 405 millions en 2050. Du coup, la mobilit\u00e9 va s\u2019acc\u00e9l\u00e9rer, indique le ministre qui veut corriger certaines erreurs. Ainsi, contrairement \u00e0 ce qui est avanc\u00e9 en Europe, les immigr\u00e9s participent \u00e0 l\u2019activit\u00e9 \u00e9conomique. Pour convaincre, il cite les experts qui affirment que 80% des revenus des immigr\u00e9s sont consomm\u00e9s dans les pays d\u2019accueil, un aspect positif de ce ph\u00e9nom\u00e8ne, estime-t-il.\u00a0 En 1990, les transferts dans le monde ne d\u00e9passaient pas 29 milliards de dollars. En 2000, ils \u00e9taient \u00e0 74 milliards de dollars et en 2016, ils ont atteint 429 milliards de dollars.\u00a0<\/p>\n<\/blockquote>\n<p class=\"rtejustify\">Dans ce dossier, Abdelkrim Benatiq est formel: \u00able but est de renforcer les liens entre les jeunes africains d\u2019aujourd\u2019hui, les d\u00e9cideurs de demain, ceux qui vont fa\u00e7onner le continent\u00bb. Mais derri\u00e8re l\u2019annonce du ministre se niche la volont\u00e9 de se doter d\u2019une tra\u00e7abilit\u00e9 suppl\u00e9mentaire, l\u2019envie inavou\u00e9e de constituer un r\u00e9seau des anciens du Maroc. C\u2019est ce capital immat\u00e9riel qui va permettre \u00e0 l\u2019Afrique de se positionner pour affronter les d\u00e9fis, notera le ministre. Ce dernier esp\u00e8re que les jeunes africains soient convaincus que la migration a des avantages. Il est imp\u00e9ratif d\u2019\u00e9viter de calquer leur position sur l\u2019Europe qui s\u2019est transform\u00e9e en bloc de rejet en consid\u00e9rant les immigr\u00e9s comme la source de leurs difficult\u00e9s.\u00a0<\/p>\n<p class=\"rtejustify\">\u00a0<\/p>\n<\/div>\n<p>Auteur: mbasraoui<br \/>\n<a href=\"https:\/\/www.leconomiste.com\/article\/1047618-benatiq-en-coach-des-jeunes-africains\">Cliquez ici pour lire l&rsquo;article depuis sa source.<\/a><\/p>\n","protected":false},"excerpt":{"rendered":"<p>Une rencontre ax\u00e9e sur la promotion du vivre-ensemble Des ateliers sur l\u2019emploi, les programmes d\u2019\u00e9changes d\u2019\u00e9tudiants\u2026 Visite \u00e0 Tafoghalt, Berkane et Sa\u00efdia au programme La tenue de cette rencontre vise \u00e0 \u00abrenforcer les liens avec les jeunes africains d\u2019aujourd\u2019hui, les d\u00e9cideurs de demain, ceux qui vont fa\u00e7onner prochainement le continent\u00bb, a soutenu Abdelkrim Benatiq, ministre [&hellip;]<\/p>\n","protected":false},"author":1763,"featured_media":45609,"comment_status":"closed","ping_status":"closed","sticky":false,"template":"","format":"standard","meta":{"fifu_image_url":"","fifu_image_alt":"","footnotes":""},"categories":[78,54],"tags":[],"class_list":["post-45608","post","type-post","status-publish","format-standard","has-post-thumbnail","hentry","category-economie","category-maroc"],"_links":{"self":[{"href":"https:\/\/linitiative.ca\/International\/wp-json\/wp\/v2\/posts\/45608","targetHints":{"allow":["GET"]}}],"collection":[{"href":"https:\/\/linitiative.ca\/International\/wp-json\/wp\/v2\/posts"}],"about":[{"href":"https:\/\/linitiative.ca\/International\/wp-json\/wp\/v2\/types\/post"}],"author":[{"embeddable":true,"href":"https:\/\/linitiative.ca\/International\/wp-json\/wp\/v2\/users\/1763"}],"replies":[{"embeddable":true,"href":"https:\/\/linitiative.ca\/International\/wp-json\/wp\/v2\/comments?post=45608"}],"version-history":[{"count":0,"href":"https:\/\/linitiative.ca\/International\/wp-json\/wp\/v2\/posts\/45608\/revisions"}],"wp:featuredmedia":[{"embeddable":true,"href":"https:\/\/linitiative.ca\/International\/wp-json\/"}],"wp:attachment":[{"href":"https:\/\/linitiative.ca\/International\/wp-json\/wp\/v2\/media?parent=45608"}],"wp:term":[{"taxonomy":"category","embeddable":true,"href":"https:\/\/linitiative.ca\/International\/wp-json\/wp\/v2\/categories?post=45608"},{"taxonomy":"post_tag","embeddable":true,"href":"https:\/\/linitiative.ca\/International\/wp-json\/wp\/v2\/tags?post=45608"}],"curies":[{"name":"wp","href":"https:\/\/api.w.org\/{rel}","templated":true}]}}