{"id":45610,"date":"2019-07-11T09:30:21","date_gmt":"2019-07-11T13:30:21","guid":{"rendered":"https:\/\/linitiative.ca\/International\/une-agence-de-securite-du-medicament-en-route\/"},"modified":"2019-07-11T09:30:21","modified_gmt":"2019-07-11T13:30:21","slug":"une-agence-de-securite-du-medicament-en-route","status":"publish","type":"post","link":"https:\/\/linitiative.ca\/International\/une-agence-de-securite-du-medicament-en-route\/","title":{"rendered":"Une agence de s\u00e9curit\u00e9 du m\u00e9dicament en route"},"content":{"rendered":"<div readability=\"34\">\n<p>Les pharmaciens pressent le gouvernement \u00e0 revoir le d\u00e9cret de fixation des prix<\/p>\n<p>Les conclusions de l\u2019OMS et du Conseil de la concurrence seront d\u00e9terminantes<\/p>\n<\/div>\n<div readability=\"71\">\n<div class=\"dnd-atom-wrapper type-image context-sdl_editor_representation\" contenteditable=\"false\">\n<div class=\"dnd-drop-wrapper image\"><img loading=\"lazy\" decoding=\"async\" typeof=\"foaf:Image\" class=\"img-responsive\" src=\"https:\/\/www.leconomiste.com\/sites\/default\/files\/eco7\/public\/thumbnails\/image\/agence_securite_medicament_5553.jpg\" width=\"660\" height=\"330\" alt=\"agence_securite_medicament_5553.jpg\" title=\"agence_securite_medicament_5553.jpg\"\/><\/div>\n<\/div>\n<p class=\"rtejustify\">Aux professionnels qui lui exposaient les difficult\u00e9s de leur secteur au 20e forum pharmaceutique international tenu la semaine derni\u00e8re \u00e0 Marrakech, Anass Doukkali, ministre de la Sant\u00e9, a r\u00e9pondu par la d\u00e9clinaison des chantiers sur lesquels travaille son administration. Il a tent\u00e9 de rassurer les praticiens en insistant sur le statut prioritaire du secteur de la pharmacie dans les r\u00e9formes que pr\u00e9pare le gouvernement et d\u2019y associer au maximum les professionnels.\u00a0<br \/>Il s\u2019est surtout engag\u00e9 sur l\u2019obligation de r\u00e9sultat. Les recommandations issues des travaux des comit\u00e9s mixtes seront d\u00e9clin\u00e9es en plans d\u2019action concrets assortis d\u2019\u00e9ch\u00e9anciers pr\u00e9cis. Une des priorit\u00e9s sera la cr\u00e9ation de l&rsquo;Agence marocaine pour la s\u00e9curit\u00e9 des m\u00e9dicaments et des produits de sant\u00e9. \u00abCe projet avance \u00e0 grands pas\u00bb, lance le ministre aux congressistes. Les grandes lignes du projet de texte de loi seront pr\u00eates avant le 31 juillet.<br \/>Mais les pharmaciens ont une tout autre urgence. Ils pressent le gouvernement \u00e0 acc\u00e9l\u00e9rer la r\u00e9vision du d\u00e9cret de fixation des prix des m\u00e9dicaments. C\u2019est la r\u00e9forme la plus attendue par la profession. Le message s\u2019adressait aussi au chef du gouvernement, El Othmani. \u00abCe texte doit \u00eatre actualis\u00e9 d\u2019urgence. Il a \u00e9t\u00e9 adopt\u00e9 sans \u00e9tude d\u2019impact et a \u00e9t\u00e9 d\u00e9vastateur pour le secteur sur tous les plans. Nous sommes pour la r\u00e9vision des prix mais nous restons intransigeants sur la qualit\u00e9 des m\u00e9dicaments\u00bb, pr\u00e9vient le pr\u00e9sident du Conseil national de l\u2019Ordre des pharmaciens. Le ministre de la Sant\u00e9 lui s\u2019en remettra aux conclusions d\u2019une \u00e9tude men\u00e9e par l\u2019OMS avant de se prononcer et aux travaux du Conseil de la concurrence qui se penche \u00e9galement sur le dossier des m\u00e9dicaments. Le rapport du Conseil est attendu tr\u00e8s prochainement. Ses recommandations devraient nourrir la r\u00e9flexion sur la mise \u00e0 jour de la r\u00e9glementation qui encadre la fixation des prix des m\u00e9dicaments.<\/p>\n<p class=\"rtecenter\"><u><em><strong>1\/3 des pharmacies<br \/>en difficult\u00e9s financi\u00e8res<\/strong><\/em><\/u><\/p>\n<p class=\"rtejustify\">Comme ses pr\u00e9d\u00e9cesseurs, Hamza Guedira a bross\u00e9 un tableau sombre de la situation \u00e9conomique des pharmacies d\u2019officine. Il s\u2019alarme de la chute de leur revenu, \u00abentre 30 et 50%\u00bb. Le chiffre d\u2019affaires moyen d\u2019une pharmacie d\u2019officine s\u2019\u00e9l\u00e8ve \u00e0 750.000 DH\/an. Selon le pr\u00e9sident de l\u2019Ordre des pharmaciens, chaque semaine, 2 \u00e0 3 pharmacies baisseraient les rideaux quelque part au Maroc. Mais il n\u2019a pas indiqu\u00e9 le nombre des ouvertures, qui se concentrent essentiellement dans les grands centres urbains. A ce rythme, 1\/3 des 12.000 officines du pays serait condamn\u00e9 \u00e0 terme, pr\u00e9vient-il.\u00a0<br \/>Faute de demande solvable, les laboratoires pharmaceutiques manquent de visibilit\u00e9. Certains se red\u00e9ploient vers l\u2019export ou redimensionnent, voire c\u00e8dent, leur activit\u00e9 industrielle locale pas assez rentable.\u00a0<br \/>Rien n\u2019est irr\u00e9versible. L\u2019augmentation r\u00e9cente du prix de 14 m\u00e9dicaments laisse entrevoir, peut-\u00eatre, une inversion de la courbe. Cette hausse a agr\u00e9ablement surpris la profession sachant que les prix des m\u00e9dicaments sont bloqu\u00e9s depuis 1997. Sur les 6.500 r\u00e9f\u00e9rences commercialis\u00e9es, 3.000 ont connu d\u2019importantes baisses tarifaires ces derni\u00e8res ann\u00e9es. Pour l\u2019instant, les pharmaciens restent prudents. \u00abNous attendons des d\u00e9cisions\u00a0 beaucoup plus importantes et en urgence\u00bb, assure le pr\u00e9sident de leur instance ordinale. Mais l\u2019\u00e9quation \u00e0 r\u00e9soudre est moins le prix que le pouvoir d\u2019achat des m\u00e9nages et l\u2019acc\u00e8s aux soins. Le m\u00e9dicament est certes important mais il n\u2019est qu\u2019un maillon de cette cha\u00eene.\u00a0<\/p>\n<hr\/>\n<p class=\"rtecenter\"><u><em><strong>Quelques recommandations\u00a0<\/strong><\/em><\/u><\/p>\n<p>LE Forum pharmaceutique international a \u00e9t\u00e9 une occasion pour \u00e9changer sur les exp\u00e9riences et les probl\u00e9matiques li\u00e9es \u00e0 la sant\u00e9 pharmaceutique. Le th\u00e8me retenu s\u2019articulait autour de \u00abla s\u00e9curit\u00e9 et la qualit\u00e9 de l\u2019acte pharmaceutique et de biologie m\u00e9dicale\u00bb. Environ 2.000 pharmaciens dont 600 provenant des pays africains. Y ont particip\u00e9 \u00e9galement des experts et chercheurs qui ont anim\u00e9 le volet scientifique du congr\u00e8s. Plusieurs recommandations ont \u00e9t\u00e9 formul\u00e9es lors de ce forum. Il s\u2019agit de l\u2019harmonisation des textes r\u00e9gissant le secteur en perspective de la ratification de la cr\u00e9ation de l\u2019Agence africaine des m\u00e9dicaments dont le si\u00e8ge permanent sera install\u00e9 en C\u00f4te d\u2019Ivoire. Autres recommandations: l\u2019am\u00e9lioration de la qualit\u00e9 de la formation en Afrique et l\u2019instauration obligatoire de la formation continue. Les participants ont \u00e9galement insist\u00e9 sur les actions \u00e0 mettre en place pour \u00e9viter les ruptures des m\u00e9dicaments et assurer la s\u00e9curit\u00e9 du circuit des m\u00e9dicaments pour contrecarrer la falsification et la contrefa\u00e7on. Par ailleurs, deux r\u00e9unions de l\u2019Ordre africain des pharmaciens et de l\u2019Ordre francophone des pharmaciens ont eu lieu en marge du forum.\u00a0<\/p>\n<\/div>\n<p>Auteur: mbasraoui<br \/>\n<a href=\"https:\/\/www.leconomiste.com\/article\/1047619-une-agence-de-securite-du-medicament-en-route\">Cliquez ici pour lire l&rsquo;article depuis sa source.<\/a><\/p>\n","protected":false},"excerpt":{"rendered":"<p>Les pharmaciens pressent le gouvernement \u00e0 revoir le d\u00e9cret de fixation des prix Les conclusions de l\u2019OMS et du Conseil de la concurrence seront d\u00e9terminantes Aux professionnels qui lui exposaient les difficult\u00e9s de leur secteur au 20e forum pharmaceutique international tenu la semaine derni\u00e8re \u00e0 Marrakech, Anass Doukkali, ministre de la Sant\u00e9, a r\u00e9pondu par [&hellip;]<\/p>\n","protected":false},"author":1763,"featured_media":45611,"comment_status":"closed","ping_status":"closed","sticky":false,"template":"","format":"standard","meta":{"fifu_image_url":"","fifu_image_alt":"","footnotes":""},"categories":[78,54],"tags":[],"class_list":["post-45610","post","type-post","status-publish","format-standard","has-post-thumbnail","hentry","category-economie","category-maroc"],"_links":{"self":[{"href":"https:\/\/linitiative.ca\/International\/wp-json\/wp\/v2\/posts\/45610","targetHints":{"allow":["GET"]}}],"collection":[{"href":"https:\/\/linitiative.ca\/International\/wp-json\/wp\/v2\/posts"}],"about":[{"href":"https:\/\/linitiative.ca\/International\/wp-json\/wp\/v2\/types\/post"}],"author":[{"embeddable":true,"href":"https:\/\/linitiative.ca\/International\/wp-json\/wp\/v2\/users\/1763"}],"replies":[{"embeddable":true,"href":"https:\/\/linitiative.ca\/International\/wp-json\/wp\/v2\/comments?post=45610"}],"version-history":[{"count":0,"href":"https:\/\/linitiative.ca\/International\/wp-json\/wp\/v2\/posts\/45610\/revisions"}],"wp:featuredmedia":[{"embeddable":true,"href":"https:\/\/linitiative.ca\/International\/wp-json\/"}],"wp:attachment":[{"href":"https:\/\/linitiative.ca\/International\/wp-json\/wp\/v2\/media?parent=45610"}],"wp:term":[{"taxonomy":"category","embeddable":true,"href":"https:\/\/linitiative.ca\/International\/wp-json\/wp\/v2\/categories?post=45610"},{"taxonomy":"post_tag","embeddable":true,"href":"https:\/\/linitiative.ca\/International\/wp-json\/wp\/v2\/tags?post=45610"}],"curies":[{"name":"wp","href":"https:\/\/api.w.org\/{rel}","templated":true}]}}