{"id":45614,"date":"2019-07-11T10:30:53","date_gmt":"2019-07-11T14:30:53","guid":{"rendered":"https:\/\/linitiative.ca\/International\/fes-tient-son-salon-national-du-cuir-de-notre-correspondant-permanent-youness-saad-alami\/"},"modified":"2019-07-11T10:30:53","modified_gmt":"2019-07-11T14:30:53","slug":"fes-tient-son-salon-national-du-cuir-de-notre-correspondant-permanent-youness-saad-alami","status":"publish","type":"post","link":"https:\/\/linitiative.ca\/International\/fes-tient-son-salon-national-du-cuir-de-notre-correspondant-permanent-youness-saad-alami\/","title":{"rendered":"F\u00e8s tient son salon national du cuir-De notre correspondant permanent, Youness SAAD ALAMI"},"content":{"rendered":"<div readability=\"36\">\n<p>120 exposants de diff\u00e9rentes r\u00e9gions attendus du 12 au 21 juillet<\/p>\n<p>Expositions, d\u00e9monstrations, formations\u2026 au programme<\/p>\n<\/div>\n<div readability=\"73\">\n<div class=\"dnd-atom-wrapper type-image context-sdl_editor_representation\" contenteditable=\"false\" readability=\"34\">\n<div class=\"dnd-drop-wrapper image\"><img loading=\"lazy\" decoding=\"async\" typeof=\"foaf:Image\" class=\"img-responsive\" src=\"https:\/\/leconomiste.com\/sites\/default\/files\/eco7\/public\/thumbnails\/image\/salon_cuir_fes_5553.jpg\" width=\"660\" height=\"330\" alt=\"salon_cuir_fes_5553.jpg\" title=\"salon_cuir_fes_5553.jpg\"\/><\/div>\n<p>Le Salon national de l\u2019artisanat du cuir vise \u00e0 valoriser l\u2019artisanat du cuir et \u00e0 faire conna\u00eetre ses m\u00e9tiers au public. Une occasion pour les artisans tanneurs de mettre en avant la qualit\u00e9 et la richesse de leur travail (Ph. L\u2019Economiste)<\/p>\n<\/div>\n<p class=\"rtejustify\">APRES la r\u00e9ussite des salons des m\u00e9taux et du bois, la Chambre de l\u2019artisanat de la r\u00e9gion F\u00e8s-Mekn\u00e8s pr\u00e9pare un nouvel \u00e9v\u00e9nement d\u2019envergure \u00abnationale\u00bb. Il s\u2019agit du Salon national de l\u2019artisanat du cuir (Snac).<br \/>Pr\u00e9vue du 12 au 22 juillet, cette manifestation est initi\u00e9e sous le th\u00e8me: \u00abLe secteur du cuir, des perspectives \u00e9conomiques prometteuses\u00bb. Pour la r\u00e9ussir, la Chambre de l\u2019artisanat de la r\u00e9gion F\u00e8s-Mekn\u00e8s s\u2019allie au minist\u00e8re du Tourisme, du Transport a\u00e9rien, de l\u2019Artisanat et de l\u2019Economie sociale, ainsi que le secr\u00e9tariat d\u2019Etat charg\u00e9 de l\u2019Artisanat et de l\u2019Economie sociale. \u00abNous comptons \u00e9galement sur l\u2019appui du wali de la r\u00e9gion qui a mis \u00e0 notre disposition le terrain du salon\u00bb, indique Abdelmalek Bouteyine, pr\u00e9sident de la Chambre de l\u2019artisanat. Install\u00e9 au quartier Champs de courses, \u00e0 F\u00e8s, sur une superficie de 4.000 m2, le Snac vise \u00e0 valoriser l\u2019artisanat du cuir et \u00e0 faire conna\u00eetre ses m\u00e9tiers au public. \u00abNotre but est de promouvoir la commercialisation des produits d\u2019artisanat et l&rsquo;\u00e9change d\u2019id\u00e9es et d\u2019exp\u00e9riences entre les professionnels de la fili\u00e8re\u00bb, explique le pr\u00e9sident de la Chambre.<br \/>De l\u2019avis des artisans tanneurs, cet \u00e9v\u00e9nement leur donnera l\u2019occasion de mettre en avant la qualit\u00e9 et la richesse de leur travail. Au total, 120 exposants y pr\u00e9senteront leurs savoir-faire et cr\u00e9ations dans les m\u00e9tiers de la tannerie, la maroquinerie, de la chaussure et du textile et habillement en cuir. \u00abNous privil\u00e9gions les professionnels de la fili\u00e8re, dont les artisans, les petites et moyennes entreprises, les coop\u00e9ratives professionnelles et les acteurs sp\u00e9cialis\u00e9s dans les \u00e9quipements de travail du cuir\u00bb, soulignent les organisateurs. \u00abC\u2019est \u00e0 travers ce genre de manifestations que l\u2019on pourrait redynamiser le secteur de l\u2019artisanat, le propulser et cr\u00e9er un march\u00e9 local \u00e0 fort impact\u00bb, estime Abderrahim Belkhayat, directeur r\u00e9gional de l\u2019artisanat. Pour rappel, le plan strat\u00e9gique de la Chambre de l\u2019artisanat a plac\u00e9 parmi ses objectifs l\u2019organisation de quatre salons th\u00e9matiques d\u00e9di\u00e9s aux produits de la maroquinerie, de la dinanderie et ceux du zellige et de la porterie. A travers ces \u00e9v\u00e9nements, les responsables du secteur invitent \u00e0 d\u00e9couvrir les m\u00e9tiers ancestraux du Royaume.\u00a0<br \/>Ce 8 juillet 2019, le chantier d\u2019am\u00e9nagement du Snac b\u00e2tait son plein. A trois jours de cette premi\u00e8re \u00e9dition, les ouvriers mettaient les bouch\u00e9es doubles pour livrer les chapiteaux dans les temps. Ici, l\u2019on notera la construction de plusieurs espaces de ventes et d\u2019expositions, dont un espace pour les produits d\u2019antiquit\u00e9, un autre pour les produits des laur\u00e9ats des centres de formation de l\u2019artisanat, un espace de design et de d\u00e9monstration. Au-del\u00e0 de la partie \u00abfoire\u00bb, les organisateurs ont pr\u00e9vu la tenue de plusieurs s\u00e9minaires et tables rondes, anim\u00e9s par des chercheurs et des sp\u00e9cialistes de la fili\u00e8re cuir. Au menu \u00e9galement, des s\u00e9ances de formation seront initi\u00e9es en faveur des artisans afin d\u2019am\u00e9liorer leurs capacit\u00e9s et \u00e9largir leurs connaissances dans le domaine. Signalons enfin que ce salon 2019 rendra hommage aux meilleurs ma\u00eetres-artisans qui ont laiss\u00e9 une empreinte dans ce domaine.\u00a0<\/p>\n<p class=\"rtejustify\">\u00a0<\/p>\n<\/div>\n<p>Auteur: mbasraoui<br \/>\n<a href=\"https:\/\/www.leconomiste.com\/article\/1047621-fes-tient-son-salon-national-du-cuir-de-notre-correspondant-permanent-youness-saad\">Cliquez ici pour lire l&rsquo;article depuis sa source.<\/a><\/p>\n","protected":false},"excerpt":{"rendered":"<p>120 exposants de diff\u00e9rentes r\u00e9gions attendus du 12 au 21 juillet Expositions, d\u00e9monstrations, formations\u2026 au programme Le Salon national de l\u2019artisanat du cuir vise \u00e0 valoriser l\u2019artisanat du cuir et \u00e0 faire conna\u00eetre ses m\u00e9tiers au public. Une occasion pour les artisans tanneurs de mettre en avant la qualit\u00e9 et la richesse de leur travail [&hellip;]<\/p>\n","protected":false},"author":1763,"featured_media":45615,"comment_status":"closed","ping_status":"closed","sticky":false,"template":"","format":"standard","meta":{"fifu_image_url":"","fifu_image_alt":"","footnotes":""},"categories":[78,54],"tags":[],"class_list":["post-45614","post","type-post","status-publish","format-standard","has-post-thumbnail","hentry","category-economie","category-maroc"],"_links":{"self":[{"href":"https:\/\/linitiative.ca\/International\/wp-json\/wp\/v2\/posts\/45614","targetHints":{"allow":["GET"]}}],"collection":[{"href":"https:\/\/linitiative.ca\/International\/wp-json\/wp\/v2\/posts"}],"about":[{"href":"https:\/\/linitiative.ca\/International\/wp-json\/wp\/v2\/types\/post"}],"author":[{"embeddable":true,"href":"https:\/\/linitiative.ca\/International\/wp-json\/wp\/v2\/users\/1763"}],"replies":[{"embeddable":true,"href":"https:\/\/linitiative.ca\/International\/wp-json\/wp\/v2\/comments?post=45614"}],"version-history":[{"count":0,"href":"https:\/\/linitiative.ca\/International\/wp-json\/wp\/v2\/posts\/45614\/revisions"}],"wp:featuredmedia":[{"embeddable":true,"href":"https:\/\/linitiative.ca\/International\/wp-json\/"}],"wp:attachment":[{"href":"https:\/\/linitiative.ca\/International\/wp-json\/wp\/v2\/media?parent=45614"}],"wp:term":[{"taxonomy":"category","embeddable":true,"href":"https:\/\/linitiative.ca\/International\/wp-json\/wp\/v2\/categories?post=45614"},{"taxonomy":"post_tag","embeddable":true,"href":"https:\/\/linitiative.ca\/International\/wp-json\/wp\/v2\/tags?post=45614"}],"curies":[{"name":"wp","href":"https:\/\/api.w.org\/{rel}","templated":true}]}}