{"id":45620,"date":"2019-07-11T11:00:09","date_gmt":"2019-07-11T15:00:09","guid":{"rendered":"https:\/\/linitiative.ca\/International\/maroc-espagne-il-reste-encore-une-marge-de-manoeuvre\/"},"modified":"2019-07-11T11:00:09","modified_gmt":"2019-07-11T15:00:09","slug":"maroc-espagne-il-reste-encore-une-marge-de-manoeuvre","status":"publish","type":"post","link":"https:\/\/linitiative.ca\/International\/maroc-espagne-il-reste-encore-une-marge-de-manoeuvre\/","title":{"rendered":"Maroc-Espagne: Il reste encore une marge de man\u0153uvre(*)"},"content":{"rendered":"<div readability=\"33\"><img loading=\"lazy\" decoding=\"async\" typeof=\"foaf:Image\" class=\"img-responsive\" src=\"https:\/\/www.leconomiste.com\/sites\/default\/files\/eco7\/public\/maria_reyes.jpg\" width=\"301\" height=\"400\" alt=\"\"\/><\/p>\n<p>Ministre espagnole du Tourisme, de l\u2019Industrie et du Commerce<\/p>\n<\/div>\n<div readability=\"95.5\">\n<p class=\"rtejustify\">Les liens commerciaux entre l&rsquo;Espagne et le Maroc se sont consid\u00e9rablement intensifi\u00e9s ces derni\u00e8res ann\u00e9es. Depuis 2012, l&rsquo;Espagne est devenue le premier partenaire commercial du Maroc, c&rsquo;est-\u00e0-dire son premier client et fournisseur sur les march\u00e9s internationaux. Pour l&rsquo;Espagne, le Maroc est \u00e9galement un march\u00e9 essentiel, en tant que deuxi\u00e8me destination des exportations espagnoles en dehors de l&rsquo;Union europ\u00e9enne. Par ailleurs, dans l&rsquo;ensemble, les \u00e9changes commerciaux ont doubl\u00e9 au cours des six derni\u00e8res ann\u00e9es, d\u00e9passant 160 milliards de dirhams en 2018 (pr\u00e8s de 15 milliards d&rsquo;euros). En r\u00e9sum\u00e9, il s&rsquo;agit d&rsquo;une relation \u00e9conomique solide, dynamique et \u00e9quilibr\u00e9e. Il s&rsquo;agit d&rsquo;une relation fond\u00e9e sur la compl\u00e9mentarit\u00e9 productive et g\u00e9ographique entre nos deux \u00e9conomies, \u00e0 travers des flux commerciaux intenses dans les deux sens et dans des secteurs \u00e0 valeur ajout\u00e9e croissante, tels que l&rsquo;automobile, le textile ou les technologies industrielles.<br \/>Nous vivons donc un excellent moment dans nos relations bilat\u00e9rales. Et pourtant, il reste encore une marge de man\u0153uvre pour continuer \u00e0 renforcer nos liens, en accompagnant le dynamisme des \u00e9changes commerciaux d&rsquo;une augmentation de l&rsquo;investissement bilat\u00e9ral. L&rsquo;objectif de ce Forum est pr\u00e9cis\u00e9ment de contribuer au renforcement des relations \u00e9conomiques et commerciales entre nos deux pays. Le Maroc se trouve dans une position g\u00e9ostrat\u00e9gique extraordinaire, en raison de son vaste littoral atlantique et m\u00e9diterran\u00e9en et de sa proximit\u00e9 avec l&rsquo;Europe et l&rsquo;Espagne. Ceci, associ\u00e9 \u00e0 une grande ouverture commerciale et \u00e0 un d\u00e9veloppement notable des infrastructures, permet au Maroc de se consolider progressivement en tant que plateforme commerciale continentale, ainsi que porte d&rsquo;entr\u00e9e de l&rsquo;Afrique en Europe et point nodal pour les liaisons a\u00e9riennes et le trafic international de fret.<br \/>Le Maroc est aujourd&rsquo;hui un pays ouvert sur le monde, un pays qui a sign\u00e9 des dizaines d&rsquo;accords de libre-\u00e9change \u2013 avec plus de 55 pays \u2013 et qui lui accordent un acc\u00e8s pr\u00e9f\u00e9rentiel \u00e0 plus de 1.000 millions de consommateurs.<br \/>Cette ouverture s&rsquo;est \u00e9galement accompagn\u00e9e du d\u00e9veloppement d&rsquo;un r\u00e9seau d&rsquo;infrastructures de premier ordre. Aujourd&rsquo;hui, le Maroc se classe parmi les 50 premiers pays au monde disposant de la meilleure infrastructure de transport selon le Forum \u00e9conomique mondial. L&rsquo;engagement ferme du Maroc en faveur de la modernisation de son \u00e9conomie s&rsquo;est accompagn\u00e9 de la mise en \u0153uvre de programmes sectoriels ambitieux pour stimuler l&rsquo;industrie, l&rsquo;agriculture, le tourisme et les \u00e9nergies renouvelables, entre autres.\u00a0<br \/>En 2018, le Maroc est devenu le premier constructeur automobile du continent africain, \u00e9tant le premier secteur exportateur du pays. Par ailleurs, un tiers du mix \u00e9nerg\u00e9tique marocain provient d\u00e9j\u00e0 de sources renouvelables \u2013 avec l&rsquo;objectif d&rsquo;atteindre 52% d&rsquo;ici 2030 \u2013 et certains projets, comme le parc solaire d&rsquo;Ouarzazate sont devenus de v\u00e9ritables r\u00e9f\u00e9rences internationales.\u00a0 \u00a0<br \/>Le Maroc repr\u00e9sente aussi aujourd&rsquo;hui la premi\u00e8re destination touristique en Afrique, avec plus de 12 millions de touristes en 2018 et une croissance de plus de 10% par an ces derni\u00e8res ann\u00e9es.\u00a0 Dans ce sc\u00e9nario particulier, l&rsquo;Espagne aspire \u00e0 continuer \u00e0 \u00eatre un partenaire strat\u00e9gique du Maroc. L&rsquo;ambition partag\u00e9e par les deux pays est de continuer \u00e0 approfondir le mod\u00e8le unique que nous avons construit ensemble, caract\u00e9ris\u00e9 par la compl\u00e9mentarit\u00e9 et l&rsquo;exploitation des synergies.<br \/>Voil\u00e0 la raison d&rsquo;\u00eatre de la r\u00e9union que nous tenons aujourd&rsquo;hui et c&rsquo;est le message que je souhaite vous transmettre \u00e0 tous, entreprises et administrations des deux pays, en tant que protagonistes des relations bilat\u00e9rales.<br \/>Il est temps de d\u00e9finir de nouveaux domaines de coop\u00e9ration \u00e9conomique et commerciale. Il est \u00e9galement temps de comprendre l&rsquo;importance strat\u00e9gique du Maroc sur le continent africain.<br \/>Aujourd&rsquo;hui, le Maroc se consolide en tant que porte d&rsquo;entr\u00e9e pour l&rsquo;investissement et le commerce entre les deux continents. J&rsquo;encourage les entreprises espagnoles \u00e0 appr\u00e9cier la possibilit\u00e9 offerte par notre pays voisin pour \u00e9largir leur coop\u00e9ration \u00e9conomique et commerciale vers le continent africain.<br \/>Comme vous le savez, l&rsquo;Espagne a connu une croissance extraordinaire au cours des derni\u00e8res d\u00e9cennies, r\u00e9sultat d&rsquo;un processus similaire \u00e0 celui actuellement en cours au Maroc.\u00a0\u00a0<br \/>Aujourd&rsquo;hui, l&rsquo;Espagne est la 13e \u00e9conomie mondiale avec une population de 46 millions d&rsquo;habitants et repr\u00e9sente une plateforme mondiale pour acc\u00e9der \u00e0 des march\u00e9s tiers comme l&rsquo;Europe, l&rsquo;Am\u00e9rique latine et l&rsquo;Afrique.<br \/>Ce forum symbolise l&rsquo;engagement de l&rsquo;Espagne et de ses entreprises \u00e0 contribuer au progr\u00e8s de notre pays voisin. Le Maroc trouvera toujours en Espagne un partenaire loyal et engag\u00e9 pour soutenir ses efforts dans tous les domaines.<br \/>Nous sommes deux pays unis par l\u2019histoire, la culture, la g\u00e9ographie et l\u2019affection mutuelle. Bref, nous sommes deux pays partenaires naturels, et nous devenons plus forts en travaillant ensemble dans une \u00e9conomie mondialis\u00e9e.<br \/>Dans ce sens, je veux faire une mention sp\u00e9ciale \u00e0 toutes les entreprises espagnoles qui ont fait le d\u00e9placement jusqu\u2019au Maroc pour \u00eatre pr\u00e9sentes au Forum d\u2019investissement.<br \/>Tout au long de ces journ\u00e9es, vous allez avoir l\u2019opportunit\u00e9 de vous rencontrer avec des entreprises marocaines dans le but d\u2019explorer de nouveaux projets d\u2019investissement et de coop\u00e9ration commerciale. Dans cet esprit, je souhaite vivement que vous partagiez les efforts, la conviction et la confiance pour continuer \u00e0 renforcer nos relations \u00e9conomiques et \u00e0 consolider les progr\u00e8s de nos deux pays. Dans cette t\u00e2che, je vous souhaite \u00e0 tous plein succ\u00e8s.<br \/>Depuis le minist\u00e8re de l&rsquo;Industrie, du Commerce et du Tourisme, l&rsquo;ICEX Espagne Exportations et Investissements, ainsi que nos Bureaux \u00e9conomiques et commerciaux au Maroc, et CESCE et COFIDES, nous sommes \u00e0 votre disposition et nous continuerons \u00e0 travailler \u00e9troitement avec les autorit\u00e9s marocaines pour approfondir la coop\u00e9ration \u00e9conomique bilat\u00e9rale et d\u00e9velopper nos relations commerciales.<\/p>\n<blockquote readability=\"16\">\n<p class=\"rtecenter\"><strong><span class=\"c4\">Atouts espagnols<\/span><\/strong><\/p>\n<p class=\"rtejustify\">Les entreprises espagnoles sont actuellement une r\u00e9f\u00e9rence mondiale dans de nombreux secteurs gr\u00e2ce \u00e0 leur exp\u00e9rience, leur capacit\u00e9 technique et leur capital humain. Je voudrais rappeler certains des exemples les plus pertinents:<br \/>\u2022 Sept des dix plus grandes soci\u00e9t\u00e9s de gestion d\u2019infrastructures au monde sont espagnoles. L\u2019une d\u2019elles occupe \u00e9galement la premi\u00e8re place dans ce classement.<br \/>\u2022 L\u2019Espagne est le neuvi\u00e8me fabricant mondial de v\u00e9hicules (voitures particuli\u00e8res, SUV, v\u00e9hicules utilitaires et industriels et autobus).<br \/>\u2022 C\u2019est aussi l\u2019un des leaders mondiaux du traitement et du dessalement de l\u2019eau.<br \/>\u2022 L\u2019Espagne est un leader dans le d\u00e9veloppement de la fibre optique en Europe et en Am\u00e9rique latine et pourra bient\u00f4t d\u00e9ployer \u00e9galement la 5G.<br \/>\u2022 C\u2019est le deuxi\u00e8me pays au monde qui accueille le plus de touristes internationaux et le deuxi\u00e8me en termes de recettes touristiques.<br \/>Le renforcement de l\u2019internationalisation des entreprises espagnoles est une priorit\u00e9 pour le gouvernement. Nous avons r\u00e9cemment approuv\u00e9 le plan d\u2019action pour l\u2019internationalisation de l\u2019\u00e9conomie espagnole 2019-2020, qui fait de l\u2019internationalisation des PME une priorit\u00e9, et \u00e0 cette fin, nous avons cr\u00e9\u00e9 le FIEM-PYME. L\u2019objectif est de diversifier nos march\u00e9s, d\u2019apporter une plus grande valeur ajout\u00e9e et d\u2019augmenter le nombre d\u2019entreprises qui exportent r\u00e9guli\u00e8rement.\u00a0<br \/>Notre volont\u00e9 est aussi de mettre cette exp\u00e9rience au service du Maroc, afin de continuer \u00e0 construire des ponts entre nos deux \u00e9conomies.<\/p>\n<\/blockquote>\n<p class=\"rtejustify\"><em>(*) Extraits de son discours prononc\u00e9 au Forum d\u2019investissement et d\u2019affaires Maroc-Espagne qui s\u2019est tenu les 2 et 3 juillet \u00e0 Casablanca.<\/em><\/p>\n<\/div>\n<p>Auteur: mbasraoui<br \/>\n<a href=\"https:\/\/www.leconomiste.com\/article\/1047629-maroc-espagne-il-reste-encore-une-marge-de-manoeuvre\">Cliquez ici pour lire l&rsquo;article depuis sa source.<\/a><\/p>\n","protected":false},"excerpt":{"rendered":"<p>Ministre espagnole du Tourisme, de l\u2019Industrie et du Commerce Les liens commerciaux entre l&rsquo;Espagne et le Maroc se sont consid\u00e9rablement intensifi\u00e9s ces derni\u00e8res ann\u00e9es. Depuis 2012, l&rsquo;Espagne est devenue le premier partenaire commercial du Maroc, c&rsquo;est-\u00e0-dire son premier client et fournisseur sur les march\u00e9s internationaux. Pour l&rsquo;Espagne, le Maroc est \u00e9galement un march\u00e9 essentiel, en [&hellip;]<\/p>\n","protected":false},"author":1763,"featured_media":45621,"comment_status":"closed","ping_status":"closed","sticky":false,"template":"","format":"standard","meta":{"fifu_image_url":"","fifu_image_alt":"","footnotes":""},"categories":[78,54],"tags":[],"class_list":["post-45620","post","type-post","status-publish","format-standard","has-post-thumbnail","hentry","category-economie","category-maroc"],"_links":{"self":[{"href":"https:\/\/linitiative.ca\/International\/wp-json\/wp\/v2\/posts\/45620","targetHints":{"allow":["GET"]}}],"collection":[{"href":"https:\/\/linitiative.ca\/International\/wp-json\/wp\/v2\/posts"}],"about":[{"href":"https:\/\/linitiative.ca\/International\/wp-json\/wp\/v2\/types\/post"}],"author":[{"embeddable":true,"href":"https:\/\/linitiative.ca\/International\/wp-json\/wp\/v2\/users\/1763"}],"replies":[{"embeddable":true,"href":"https:\/\/linitiative.ca\/International\/wp-json\/wp\/v2\/comments?post=45620"}],"version-history":[{"count":0,"href":"https:\/\/linitiative.ca\/International\/wp-json\/wp\/v2\/posts\/45620\/revisions"}],"wp:featuredmedia":[{"embeddable":true,"href":"https:\/\/linitiative.ca\/International\/wp-json\/"}],"wp:attachment":[{"href":"https:\/\/linitiative.ca\/International\/wp-json\/wp\/v2\/media?parent=45620"}],"wp:term":[{"taxonomy":"category","embeddable":true,"href":"https:\/\/linitiative.ca\/International\/wp-json\/wp\/v2\/categories?post=45620"},{"taxonomy":"post_tag","embeddable":true,"href":"https:\/\/linitiative.ca\/International\/wp-json\/wp\/v2\/tags?post=45620"}],"curies":[{"name":"wp","href":"https:\/\/api.w.org\/{rel}","templated":true}]}}