{"id":45622,"date":"2019-07-11T11:30:10","date_gmt":"2019-07-11T15:30:10","guid":{"rendered":"https:\/\/linitiative.ca\/International\/le-tanjazz-fete-ses-20-ans\/"},"modified":"2019-07-11T11:30:10","modified_gmt":"2019-07-11T15:30:10","slug":"le-tanjazz-fete-ses-20-ans","status":"publish","type":"post","link":"https:\/\/linitiative.ca\/International\/le-tanjazz-fete-ses-20-ans\/","title":{"rendered":"Le Tanjazz f\u00eate ses 20 ans"},"content":{"rendered":"<p class=\"rtejustify\">Du 15 au 22 septembre 2019, le festival de jazz de la ville du d\u00e9troit promet une programmation exceptionnelle \u00e0 l\u2019occasion de sa 20e \u00e9dition. Une date anniversaire qui sera l\u2019occasion d\u2019inviter une trentaine d\u2019artistes ayant marqu\u00e9 le festival tout au long de son existence. \u00abPlusieurs artistes historiques\u00a0 seront pr\u00e9sents, dont certains ayant accept\u00e9 de se produire gratuitement lors de la premi\u00e8re \u00e9dition pour \u00ablancer\u00bb le festival \u00bb, promettent les organisateurs. Parmi les t\u00eates d\u2019affiche attendus : David Costa Coelho (2006 et 2014), Buika (2014), Nina Van Horn (2010 et 2016) ou encore David Linx &#038; David Wissels (2001).\u00a0<\/p>\n<p class=\"rtejustify\">\u00a0<\/p>\n<p>Auteur: mbasraoui<br \/>\n<a href=\"https:\/\/www.leconomiste.com\/article\/1047626-le-tanjazz-fete-ses-20-ans\">Cliquez ici pour lire l&rsquo;article depuis sa source.<\/a><\/p>\n","protected":false},"excerpt":{"rendered":"<p>Du 15 au 22 septembre 2019, le festival de jazz de la ville du d\u00e9troit promet une programmation exceptionnelle \u00e0 l\u2019occasion de sa 20e \u00e9dition. Une date anniversaire qui sera l\u2019occasion d\u2019inviter une trentaine d\u2019artistes ayant marqu\u00e9 le festival tout au long de son existence. \u00abPlusieurs artistes historiques\u00a0 seront pr\u00e9sents, dont certains ayant accept\u00e9 de [&hellip;]<\/p>\n","protected":false},"author":1763,"featured_media":0,"comment_status":"closed","ping_status":"closed","sticky":false,"template":"","format":"standard","meta":{"fifu_image_url":"","fifu_image_alt":"","footnotes":""},"categories":[78,54],"tags":[],"class_list":["post-45622","post","type-post","status-publish","format-standard","hentry","category-economie","category-maroc"],"_links":{"self":[{"href":"https:\/\/linitiative.ca\/International\/wp-json\/wp\/v2\/posts\/45622","targetHints":{"allow":["GET"]}}],"collection":[{"href":"https:\/\/linitiative.ca\/International\/wp-json\/wp\/v2\/posts"}],"about":[{"href":"https:\/\/linitiative.ca\/International\/wp-json\/wp\/v2\/types\/post"}],"author":[{"embeddable":true,"href":"https:\/\/linitiative.ca\/International\/wp-json\/wp\/v2\/users\/1763"}],"replies":[{"embeddable":true,"href":"https:\/\/linitiative.ca\/International\/wp-json\/wp\/v2\/comments?post=45622"}],"version-history":[{"count":0,"href":"https:\/\/linitiative.ca\/International\/wp-json\/wp\/v2\/posts\/45622\/revisions"}],"wp:attachment":[{"href":"https:\/\/linitiative.ca\/International\/wp-json\/wp\/v2\/media?parent=45622"}],"wp:term":[{"taxonomy":"category","embeddable":true,"href":"https:\/\/linitiative.ca\/International\/wp-json\/wp\/v2\/categories?post=45622"},{"taxonomy":"post_tag","embeddable":true,"href":"https:\/\/linitiative.ca\/International\/wp-json\/wp\/v2\/tags?post=45622"}],"curies":[{"name":"wp","href":"https:\/\/api.w.org\/{rel}","templated":true}]}}