{"id":45624,"date":"2019-07-11T13:00:36","date_gmt":"2019-07-11T17:00:36","guid":{"rendered":"https:\/\/linitiative.ca\/International\/nucleaire-iranien-la-tension-est-a-son-comble\/"},"modified":"2019-07-11T13:00:36","modified_gmt":"2019-07-11T17:00:36","slug":"nucleaire-iranien-la-tension-est-a-son-comble","status":"publish","type":"post","link":"https:\/\/linitiative.ca\/International\/nucleaire-iranien-la-tension-est-a-son-comble\/","title":{"rendered":"Nucl\u00e9aire iranien: La tension est \u00e0 son comble"},"content":{"rendered":"<div readability=\"34\">\n<p>T\u00e9h\u00e9ran accro\u00eet l\u2019enrichissement d\u2019uranium<\/p>\n<p>Les Europ\u00e9ens temp\u00e8rent<\/p>\n<\/div>\n<div readability=\"62\">\n<div class=\"dnd-atom-wrapper type-image context-sdl_editor_representation\" contenteditable=\"false\">\n<div class=\"dnd-drop-wrapper image\"><img loading=\"lazy\" decoding=\"async\" typeof=\"foaf:Image\" class=\"img-responsive\" src=\"https:\/\/www.leconomiste.com\/sites\/default\/files\/eco7\/public\/thumbnails\/image\/nucleaire_iranieen_5553.jpg\" width=\"660\" height=\"491\" alt=\"nucleaire_iranieen_5553.jpg\" title=\"nucleaire_iranieen_5553.jpg\"\/><\/div>\n<\/div>\n<p class=\"rtejustify\">Bient\u00f4t le point de non-retour? R\u00e9unis \u00e0 Bruxelles le mardi 9 juillet, la France, l\u2019Allemagne et le Royaume-Uni, trois pays europ\u00e9ens signataires de l\u2019accord nucl\u00e9aire conclu avec l\u2019Iran en 2015, ont incit\u00e9 T\u00e9h\u00e9ran \u00e0 renoncer \u00e0 ses activit\u00e9s d\u2019enrichissement de l\u2019uranium non conformes \u00e0 ses engagements.<br \/>Le porte-parole iranien des Affaires \u00e9trang\u00e8res, Abbas Moussavi, n\u2019a quant \u00e0 lui pas h\u00e9sit\u00e9 \u00e0 hausser le ton et \u00e0 lancer des avertissements. Visant \u00e0 obtenir un uranium enrichi \u00e0 5%, Ali Akbar Velavati, conseiller du guide supr\u00eame de l\u2019Iran, parle de cette mesure comme d\u2019un besoin pour des \u00abactivit\u00e9s nucl\u00e9aires pacifiques\u00bb. Il \u00e9carte ainsi, pour l\u2019instant, le projet tant redout\u00e9 d\u2019obtenir l\u2019arme nucl\u00e9aire.\u00a0<br \/>Cette annonce sonne cependant comme une riposte face aux Etats-Unis, dans un contexte d\u2019escalade des tensions avec le pr\u00e9sident Donald Trump. Ce dernier avait mis \u00e0 mal l\u2019accord de Vienne sur le nucl\u00e9aire en mai 2018 en annon\u00e7ant le retrait de son pays et en remettant en place des sanctions am\u00e9ricaines visant T\u00e9h\u00e9ran.\u00a0<br \/>La tension \u00e9tait \u00e0 son paroxysme le 20 juin dernier suite \u00e0 la chute d\u2019un drone am\u00e9ricain abattu par l\u2019Iran. Cet \u00e9v\u00e8nement aurait pu provoquer une guerre qui allait embraser toute la r\u00e9gion si Trump ne s\u2019\u00e9tait pas ravis\u00e9 au dernier moment. Une offensive militaire n\u2019\u00e9tait pas dans l\u2019int\u00e9r\u00eat des Etats-Unis\u2026<br \/>Mais aller en guerre ne serait pas un choix judicieux pour l\u2019Iran non plus. En effet, dans ce contexte de pressions intenses et de dialogue rompu avec les Etats-Unis, l\u2019Iran chercherait en r\u00e9alit\u00e9 \u00e0 sauver l\u2019accord au plus vite. Le but est d\u2019\u00e9viter de nouvelles sanctions internationales en for\u00e7ant les signataires europ\u00e9ens \u00e0 intervenir.\u00a0<br \/>Le soin de ne pas rompre compl\u00e8tement l\u2019accord en est la preuve. \u00abIl s\u2019agit l\u00e0 de gestes politiques avant tout, qui restent dans le cadre d\u2019un dialogue et laissent l\u2019espace \u00e0 des initiatives politiques\u2026\u00bb, selon Benjamin Hautecouverture, ma\u00eetre de recherches \u00e0 la Fondation pour la recherche strat\u00e9gique cit\u00e9 par le journal fran\u00e7ais Le Monde dat\u00e9 du 7 juillet 2019. Fran\u00e7ois Nicoullaud, ancien ambassadeur de France en Iran cit\u00e9 par la m\u00eame publication, voit cette annonce comme \u00abun appel au secours \u00e0 ses partenaires, notamment europ\u00e9ens\u2026\u00bb.\u00a0\u00a0<br \/>Paris, Londres et Berlin ont ainsi \u00e0 pr\u00e9sent 60 jours pour \u00e9viter que \u00abtoutes les options ne soient sur la table\u00bb si l\u2019on se r\u00e9f\u00e8re \u00e0 la derni\u00e8re allocution de Moussavi. En r\u00e9ponse \u00e0 cette menace, Emmanuel Macron tente une nouvelle fois d\u2019endosser le r\u00f4le de m\u00e9diateur dans la crise iranienne. Le pr\u00e9sident fran\u00e7ais s\u2019est entretenu lundi 8 juillet avec Trump, et a d\u00e9p\u00each\u00e9 un conseilleur diplomatique \u00e0 T\u00e9h\u00e9ran, qui devra faire face aux positions intransigeantes des deux parties. En effet, l\u2019Iran, \u00e0 l\u2019instar des Etats-Unis, a tout aussi int\u00e9r\u00eat \u00e0 faire monter la pression. La m\u00e9diation europ\u00e9enne prend peu \u00e0 peu l\u2019aspect\u00a0 d\u2019un dangereux jeu d\u2019\u00e9quilibriste\u2026<\/p>\n<p class=\"rtejustify\"><strong>Ali BENRAMDANE<\/strong><\/p>\n<\/div>\n<p>Auteur: mbasraoui<br \/>\n<a href=\"https:\/\/www.leconomiste.com\/article\/1047630-nucleaire-iranien-la-tension-est-son-comble\">Cliquez ici pour lire l&rsquo;article depuis sa source.<\/a><\/p>\n","protected":false},"excerpt":{"rendered":"<p>T\u00e9h\u00e9ran accro\u00eet l\u2019enrichissement d\u2019uranium Les Europ\u00e9ens temp\u00e8rent Bient\u00f4t le point de non-retour? R\u00e9unis \u00e0 Bruxelles le mardi 9 juillet, la France, l\u2019Allemagne et le Royaume-Uni, trois pays europ\u00e9ens signataires de l\u2019accord nucl\u00e9aire conclu avec l\u2019Iran en 2015, ont incit\u00e9 T\u00e9h\u00e9ran \u00e0 renoncer \u00e0 ses activit\u00e9s d\u2019enrichissement de l\u2019uranium non conformes \u00e0 ses engagements.Le porte-parole iranien [&hellip;]<\/p>\n","protected":false},"author":1763,"featured_media":45625,"comment_status":"closed","ping_status":"closed","sticky":false,"template":"","format":"standard","meta":{"fifu_image_url":"","fifu_image_alt":"","footnotes":""},"categories":[78,54],"tags":[],"class_list":["post-45624","post","type-post","status-publish","format-standard","has-post-thumbnail","hentry","category-economie","category-maroc"],"_links":{"self":[{"href":"https:\/\/linitiative.ca\/International\/wp-json\/wp\/v2\/posts\/45624","targetHints":{"allow":["GET"]}}],"collection":[{"href":"https:\/\/linitiative.ca\/International\/wp-json\/wp\/v2\/posts"}],"about":[{"href":"https:\/\/linitiative.ca\/International\/wp-json\/wp\/v2\/types\/post"}],"author":[{"embeddable":true,"href":"https:\/\/linitiative.ca\/International\/wp-json\/wp\/v2\/users\/1763"}],"replies":[{"embeddable":true,"href":"https:\/\/linitiative.ca\/International\/wp-json\/wp\/v2\/comments?post=45624"}],"version-history":[{"count":0,"href":"https:\/\/linitiative.ca\/International\/wp-json\/wp\/v2\/posts\/45624\/revisions"}],"wp:featuredmedia":[{"embeddable":true,"href":"https:\/\/linitiative.ca\/International\/wp-json\/"}],"wp:attachment":[{"href":"https:\/\/linitiative.ca\/International\/wp-json\/wp\/v2\/media?parent=45624"}],"wp:term":[{"taxonomy":"category","embeddable":true,"href":"https:\/\/linitiative.ca\/International\/wp-json\/wp\/v2\/categories?post=45624"},{"taxonomy":"post_tag","embeddable":true,"href":"https:\/\/linitiative.ca\/International\/wp-json\/wp\/v2\/tags?post=45624"}],"curies":[{"name":"wp","href":"https:\/\/api.w.org\/{rel}","templated":true}]}}