{"id":45628,"date":"2019-07-11T15:14:07","date_gmt":"2019-07-11T19:14:07","guid":{"rendered":"https:\/\/linitiative.ca\/International\/ligue-1-2-mco-belkhiter-la-surprise-de-ceo\/"},"modified":"2019-07-11T15:14:07","modified_gmt":"2019-07-11T19:14:07","slug":"ligue-1-2-mco-belkhiter-la-surprise-de-ceo","status":"publish","type":"post","link":"https:\/\/linitiative.ca\/International\/ligue-1-2-mco-belkhiter-la-surprise-de-ceo\/","title":{"rendered":"Ligue 1 &amp; 2 : MCO: Belkhiter, la surprise de CEO ?"},"content":{"rendered":"<div readability=\"32\">\n<p>Auteur : <span>A. L.<\/span> <span class=\"time\">jeudi 11 juillet 2019 11:26<\/span><\/p>\n<\/div>\n<div id=\"post_core\" readability=\"152\">\n<p>Apparemment, Cherif El Ouazzani, en tant que premier responsable du club d\u2019El Hamri, a toujours l\u2019intention de recruter une grosse pointure cet \u00e9t\u00e9. Sachant que la venue de Tabti, Belkhe\u00efr et Benayad est tomb\u00e9e \u00e0 l\u2019eau puisque ces deniers ont choisi d\u2019autres destinations, le coach du Mouloudia table sur l\u2019ancien international \u00e0 savoir Mokhtar Belkhiter qui s\u2019est pr\u00e9sent\u00e9 lors de la prise de contact qui a eu lieu \u00e0 l\u2019h\u00f4tel El Mouahidine. Cherif El Ouazzani et le joueur ont discut\u00e9 vaguement sur son \u00abretour\u00bb au Mouloudia d\u2019Oran puisque Belkhiter n\u2019est pas encore ma\u00eetre de sa d\u00e9cision car il appartient encore au Club Africain qui n\u2019est pas pr\u00eat \u00e0 le c\u00e9der gratuitement ou encore pour des miettes.<\/p>\n<p><strong>Il n\u00e9gocie sa lib\u00e9ration du Club Africain<\/strong><br \/>Le Mouloudia d\u2019Oran dirig\u00e9 par un certain Cherif El Ouazzani Si Tahar n\u2019a pas l\u2019intention de n\u00e9gocier la lib\u00e9ration de Belkhiter d\u2019autant plus qu\u2019il s\u2019agit d\u2019une \u00e9quipe \u00e9trang\u00e8re et ce transfert risque de prendre un peu de temps. Ainsi, c\u2019est le joueur en question qui aurait d\u00e9cid\u00e9 de s\u2019occuper lui-m\u00eame de sa lettre de lib\u00e9ration. Le joueur devait se rendre \u00e0 Tunis et plus pr\u00e9cis\u00e9ment au si\u00e8ge du Club Africain pour aborder le sujet avec ses responsables.<\/p>\n<p><strong>Un pr\u00eat comme dernier espoir<\/strong><br \/>S\u2019il n\u2019arrive pas \u00e0 obtenir sa lettre de lib\u00e9ration puisqu\u2019il se pourrait que les Tunisiens mettent la barre tr\u00e8s haut, Belkhiter devra n\u00e9gocier sa lettre de pr\u00eat lui qui a d\u00e9j\u00e0 \u00e9volu\u00e9 la saison pass\u00e9e en Arabie Saoudite \u00e0 l\u2019\u00e9quipe de Qadissya. Sachant que cette formation a quitt\u00e9 l\u2019\u00e9lite, Belkhiter veut rebondir cette fois-ci dans un club alg\u00e9rien. Le MCO demeure son meilleur choix puisque cela lui permettra de se rapprocher de sa famille et ses amis avec qui il est tr\u00e8s proche.<\/p>\n<p><strong>Il doit revoir \u00e0 la baisse ses exigences financi\u00e8res<\/strong><br \/>S\u2019il arrive \u00e0 ramener sa lettre de pr\u00eat ou de lib\u00e9ration, Belkhiter risque de payer de sa poche. Ce qui va l\u2019obliger \u00e0 mettre la barre tr\u00e8s haut avant de parapher son contrat avec les Hamraoua. Chose que Cherif El Ouazzani, qui n\u2019a pas encore fix\u00e9 la masse salariale, risque de refuser. En tous les cas, \u00e7a va n\u00e9gocier tr\u00e8s serr\u00e9 entre les deux parties. Belkhiter est appel\u00e9 \u00e0 revoir \u00e0 la baisse ses exigences financi\u00e8res qu\u2019il aurait pos\u00e9es lors du premier rendez-vous, a-t-on appris.<\/p>\n<p><strong>Le CA d\u00e9signe Cherif El Ouazzani entra\u00eeneur<\/strong><\/p>\n<p>Les membres du conseil d\u2019administration, qui s\u2019est r\u00e9uni avant-hier au si\u00e8ge du club situ\u00e9 au boulevard Larbi Benmehidi, ont d\u00e9sign\u00e9 Cherif El Ouazzani Si Tahar entra\u00eeneur en chef de l\u2019\u00e9quipe, chose qui devra lui permettre d\u2019exercer ses fonctions en toute l\u00e9galit\u00e9. N\u00e9anmoins, le CA repr\u00e9sent\u00e9 par Djebbari, Baba et Mehiaoui n\u2019a pas fix\u00e9 le salaire du coach du Mouloudia encore moins le PDG ou le DG de la soci\u00e9t\u00e9. Une nouvelle r\u00e9union devra avoir lieu ult\u00e9rieurement pour soulever ces points.<\/p>\n<p><strong>Il mandatera Rajeh pour le poste de DG<\/strong><br \/>Cherif El Ouazzani est arriv\u00e9 \u00e0 un point o\u00f9 il est appel\u00e9 \u00e0 choisir un seul poste entre directeur g\u00e9n\u00e9ral et entra\u00eeneur en chef. N\u2019ayant pas le droit de cumuler les deux postes et avoir deux licences, l\u2019ancien capitaine des Verts, qui a \u00e9t\u00e9 officiellement d\u00e9sign\u00e9 entra\u00eeneur en chef, veut confier cette t\u00e2che de directeur g\u00e9n\u00e9ral \u00e0 son proche collaborateur, Boubaker Rajeh.<\/p>\n<p><strong>Il veut se consacrer exclusivement au terrain<\/strong><br \/>Cherif El Ouazzani Si Tahar, qui a pris depuis la reprise des entra\u00eenements les r\u00eanes de l\u2019\u00e9quipe premi\u00e8re, veut consacrer d\u00e9sormais tout son temps au plan sportif. Bien qu\u2019il ait choisi un staff tr\u00e8s \u00e9largi, l\u2019ancien capitaine des Verts ne veut pas rater cette pr\u00e9paration d\u2019intersaison qui s\u2019annonce \u00e0 ses yeux d\u2019une importance capitale. Il sait mieux que quiconque qu\u2019une bonne saison passe par une pr\u00e9paration irr\u00e9prochable cet \u00e9t\u00e9.<br \/>\u00a0<\/p>\n<p><strong>Match d\u2019application ce matin<\/strong><\/p>\n<p>Les joueurs du Mouloudia seront appel\u00e9s \u00e0 livrer ce matin un match d\u2019application durant lequel l\u2019entra\u00eeneur Cherif El Ouazzani va devoir observer de plus pr\u00e8s les performances et surtout la technique des jeunes joueurs afin d\u2019esp\u00e9rer garder certains d\u2019entre eux avec les s\u00e9niors. En tous les cas, ce n\u2019est pas tout le groupe qui s\u2019entra\u00eene actuellement qui va entrer en stage bloqu\u00e9 avec l\u2019\u00e9quipe \u00e0 partir de vendredi apr\u00e8s-midi.<\/p>\n<p><strong>Vers l\u2019annulation de la s\u00e9ance de l\u2019apr\u00e8s-midi<\/strong><br \/>Il est fort possible que l\u2019entra\u00eeneur en chef annule la s\u00e9ance de l\u2019apr\u00e8s-midi en raison du match des quarts de finale de la CAN afin de permettre aux joueurs de suivre cette rencontre pr\u00e9vue \u00e0 17h. Sachant que cette rencontre pourrait se poursuivre jusqu\u2019\u00e0 20h si jamais on proc\u00e8de aux tirs au but, le coach devait trancher hier avec ses proches collaborateurs pour carr\u00e9ment annuler cette seconde s\u00e9ance.<\/p>\n<p><strong>Aouadj et Boudebouda doivent n\u00e9gocier leur lib\u00e9ration<\/strong><\/p>\n<p>Apparemment, il ne reste que deux \u00e9l\u00e9ments qui n\u2019ont pas encore n\u00e9goci\u00e9 leur d\u00e9part. Il s\u2019agit en effet de l\u2019attaquant Sid-Ahmed Aouadj et du d\u00e9fenseur polyvalent Brahim Boudebouda. Ces deux \u00e9l\u00e9ments, qui n\u2019ont pas \u00e9t\u00e9 convoqu\u00e9s encore moins joints par t\u00e9l\u00e9phone par la direction du club, seront appel\u00e9s eux-m\u00eames \u00e0 s\u2019approcher du si\u00e8ge du club pour n\u00e9gocier leur lettre de lib\u00e9ration car on a d\u00e9cid\u00e9 de ne pas les appeler et le fait que le MCO ait commenc\u00e9 la pr\u00e9paration sans eux veut tout dire. Cela se passe au moment o\u00f9 les deux joueurs ne l\u2019entendent pas de cette oreille car ils veulent saisir un huissier de justice et entamer les d\u00e9marches n\u00e9cessaires.<\/p>\n<p><strong>Mahammedi obtient son bon de sortie<\/strong><br \/>\u00c0 l\u2019inverse des deux \u00e9l\u00e9ments en question, Abderrahmane Mahammedi, qui n\u2019a pas jou\u00e9 depuis son fameux penalty \u00e9trangement ex\u00e9cut\u00e9 face au CS Constantine dans le cadre des quarts de finale de la Coupe d\u2019Alg\u00e9rie, s\u2019est pr\u00e9sent\u00e9 avant-hier au si\u00e8ge du club pour obtenir sa lettre de lib\u00e9ration. Le joueur en question a renonc\u00e9 \u00e0 un mois de salaire juste pour avoir sa lib\u00e9ration et jouer ailleurs.<\/p>\n<p><strong>Litim \u00abOn ne veut pas vivre le sc\u00e9nario de la saison pass\u00e9e\u00bb<\/strong><\/p>\n<p><strong>Comment se d\u00e9roule la pr\u00e9paration sous la houlette de Cherif El Ouazzani Si Tahar ?<\/strong><br \/>La pr\u00e9paration se d\u00e9roule le plus normalement du monde. Cherif El Ouazzani a augment\u00e9 la charge de travail depuis le d\u00e9but. J\u2019ai rat\u00e9 quelques s\u00e9ances d\u2019entra\u00eenement pour des raisons familiales. J\u2019ai trouv\u00e9 un groupe tr\u00e8s uni et qui a l\u2019envie de bien bosser. En grosso modo, le groupe r\u00e9pond bien au travail cette semaine.<\/p>\n<p><strong>Comment avez-vous trouv\u00e9 ce nouveau groupe?<\/strong><br \/>Le groupe est compos\u00e9 d\u2019anciens joueurs et aussi des nouveaux dont on conna\u00eet certains. Il est encore t\u00f4t de porter un jugement sur l\u2019\u00e9quipe qui est en pleine construction. Cherif El Ouazzani, qui est l\u2019enfant de ce club et un technicien qui a fait ses preuves, conna\u00eet bien son travail.<\/p>\n<p><strong>Quel sera l\u2019objectif de l\u2019\u00e9quipe cette saison ?<\/strong><br \/>Il est un peu pr\u00e9matur\u00e9 de parler des objectifs. Le plus important pour nous est de ne pas vivre le m\u00eame sc\u00e9nario de la saison \u00e9coul\u00e9e. Il faut qu\u2019on pense \u00e0 assurer le plus rapidement possible notre maintien et \u00e9voquer par la suite les objectifs.<\/p>\n<p><strong>La concurrence va certainement se relancer cet \u00e9t\u00e9 entre vous et Ma\u00e2zouzi\u2026<\/strong><br \/>C\u2019est normal que la concurrence soit relanc\u00e9e entre nous. Je pense que chacun va essayer de donner le meilleur de lui-m\u00eame. C\u2019est toujours le meilleur qui va jouer. Pour le moment, on doit se focaliser sur le travail et attendre par la suite les matches amicaux qui vont \u00eatre d\u00e9cisifs.<br \/>\u00a0<\/p>\n<p><strong>Publi\u00e9 dans :<\/strong> <span>CRB<\/span> <span>Cherif El Ouazzani<\/span> <span>Belkhiter<\/span> <span>Boubaker Rajeh<\/span><\/p>\n<\/div>\n<p>Auteur:<br \/>\n<a href=\"http:\/\/www.lebuteur.com\/article\/detail?titre=mco-belkhiter-la-surprise-de-ceo&#038;id=90259&#038;utm_source=feedburner&#038;utm_medium=feed&#038;utm_campaign=Feed%3A+GalerieFArtciles+%28Les+derniers+articles++-+lebuteur.com%29\">Cliquez ici pour lire l&rsquo;article depuis sa source.<\/a><\/p>\n","protected":false},"excerpt":{"rendered":"<p>Auteur : A. L. jeudi 11 juillet 2019 11:26 Apparemment, Cherif El Ouazzani, en tant que premier responsable du club d\u2019El Hamri, a toujours l\u2019intention de recruter une grosse pointure cet \u00e9t\u00e9. Sachant que la venue de Tabti, Belkhe\u00efr et Benayad est tomb\u00e9e \u00e0 l\u2019eau puisque ces deniers ont choisi d\u2019autres destinations, le coach du [&hellip;]<\/p>\n","protected":false},"author":1738,"featured_media":45629,"comment_status":"closed","ping_status":"closed","sticky":false,"template":"","format":"standard","meta":{"fifu_image_url":"","fifu_image_alt":"","footnotes":""},"categories":[53,75],"tags":[],"class_list":["post-45628","post","type-post","status-publish","format-standard","has-post-thumbnail","hentry","category-algerie","category-sport"],"_links":{"self":[{"href":"https:\/\/linitiative.ca\/International\/wp-json\/wp\/v2\/posts\/45628","targetHints":{"allow":["GET"]}}],"collection":[{"href":"https:\/\/linitiative.ca\/International\/wp-json\/wp\/v2\/posts"}],"about":[{"href":"https:\/\/linitiative.ca\/International\/wp-json\/wp\/v2\/types\/post"}],"author":[{"embeddable":true,"href":"https:\/\/linitiative.ca\/International\/wp-json\/wp\/v2\/users\/1738"}],"replies":[{"embeddable":true,"href":"https:\/\/linitiative.ca\/International\/wp-json\/wp\/v2\/comments?post=45628"}],"version-history":[{"count":0,"href":"https:\/\/linitiative.ca\/International\/wp-json\/wp\/v2\/posts\/45628\/revisions"}],"wp:featuredmedia":[{"embeddable":true,"href":"https:\/\/linitiative.ca\/International\/wp-json\/"}],"wp:attachment":[{"href":"https:\/\/linitiative.ca\/International\/wp-json\/wp\/v2\/media?parent=45628"}],"wp:term":[{"taxonomy":"category","embeddable":true,"href":"https:\/\/linitiative.ca\/International\/wp-json\/wp\/v2\/categories?post=45628"},{"taxonomy":"post_tag","embeddable":true,"href":"https:\/\/linitiative.ca\/International\/wp-json\/wp\/v2\/tags?post=45628"}],"curies":[{"name":"wp","href":"https:\/\/api.w.org\/{rel}","templated":true}]}}